{"id":2238,"date":"2026-04-29T18:20:52","date_gmt":"2026-04-29T18:20:52","guid":{"rendered":"https:\/\/www.bascules.social\/?p=2238"},"modified":"2026-04-29T18:24:42","modified_gmt":"2026-04-29T18:24:42","slug":"nouveau-numero-du-petit-journal-contre-cigeo","status":"publish","type":"post","link":"https:\/\/www.bascules.social\/?p=2238","title":{"rendered":"Nouveau num\u00e9ro du Petit Journal contre CIG\u00c9O"},"content":{"rendered":"<p>Voici le PDF du <strong>Petit Journal contre CIG\u00c9O du mois d\u2019avril 2026<\/strong> (n\u00b08) :<\/p>\n<p>\u2013 Pour imprimer <a href=\"https:\/\/bureburebure.info\/wp-content\/uploads\/2026\/04\/Version-3.0.pdf\">(format brochure)<\/a><\/p>\n<p>\u2013 Pour lire sur \u00e9cran <a href=\"https:\/\/bureburebure.info\/wp-content\/uploads\/2026\/04\/Version-3.0-conv.pdf\">(page par page)<\/a><\/p>\n<p>&nbsp;<\/p>\n<p><a href=\"https:\/\/bureburebure.info\/wp-content\/uploads\/2026\/04\/1.png\"><img decoding=\"async\" class=\"size-large wp-image-17134 img-fluid aligncenter\" src=\"https:\/\/bureburebure.info\/wp-content\/uploads\/2026\/04\/1.png\" alt=\"\" width=\"680\" height=\"273\" \/><\/a><\/p>\n<h1 class=\"western\">L\u2019avanc\u00e9e de l\u2019enqu\u00eate publique<br \/>\nsur CIG\u00c9O est inadmissible<\/h1>\n<p class=\"western\" style=\"text-align: justify;\">Nous avons appris dans le Journal de la Haute-Marne du 13\/03\/2026 (dans un mini encart sur un tout autre sujet\u2026) que l\u2019enqu\u00eate publique sur la demande d\u2019autorisation de cr\u00e9ation de CIG\u00c9O (DAC) pourrait avoir lieu d\u00e8s le mois de mai. Si ce d\u00e9lai inattendu est confirm\u00e9 pour ce printemps, nul doute qu\u2019elle pourrait se d\u00e9rouler dans la lign\u00e9e du \u00ab\u00a0fameux\u00a0\u00bb d\u00e9bat public de 2013 : boycott\u00e9e, mouvement\u00e9e, et dans un climat profond\u00e9ment d\u00e9l\u00e9t\u00e8re car on passerait encore un cap dans l\u2019inacceptable. L\u2019\u00c9tat cr\u00e9e minutieusement toutes les conditions de la d\u00e9sinformation du public et ne s\u2019y prendrait pas autrement pour faire monter la col\u00e8re.<\/p>\n<h2 class=\"western\">Une enqu\u00eate publique avanc\u00e9e au nom d\u2019un calendrier \u00ab\u00a0resserr\u00e9\u00a0\u00bb pour CIG\u00c9O<\/h2>\n<p class=\"western\" style=\"text-align: justify;\">Sur le site de l\u2019ANDRA ; lors de la consultation des collectivit\u00e9s fin 2025 ; dans les courriers officiels ou encore sur les sites des pr\u00e9fectures : la date annonc\u00e9e pour l\u2019enqu\u00eate publique est toujours \u00ab\u00a0l\u2019automne 2026\u00a0\u00bb. M\u00eame \u00e0 cette p\u00e9riode, elle \u00e9tait largement jug\u00e9e pr\u00e9matur\u00e9e et intol\u00e9rable : dossier incomplet, absence de d\u00e9monstration de s\u00fbret\u00e9 sur des \u00e9l\u00e9ments majeurs et d\u00e9terminants pour la s\u00fbret\u00e9 et la faisabilit\u00e9 de CIG\u00c9O.<\/p>\n<p class=\"western\" style=\"text-align: justify;\">Or, d\u2019apr\u00e8s la pr\u00e9f\u00e8te de la Haute-Marne, \u00ab\u00a0l\u2019enqu\u00eate publique se tiendrait de mi-mai \u00e0 fin juin\u00a0\u00bb. Le pr\u00e9fet coordinateur de CIG\u00c9O aurait d\u00e9pos\u00e9 cette demande au tribunal administratif de Nancy.<\/p>\n<p class=\"western\" style=\"text-align: justify;\">Un arr\u00eat\u00e9 pr\u00e9fectoral, qui valide ce nouveau calendrier, a \u00e9t\u00e9 publi\u00e9 le 9 avril, malgr\u00e9 la r\u00e9action du CLIS du laboratoire de Bure (Comit\u00e9 Local d\u2019Information et de Suivi), qui critique cette d\u00e9cision.<\/p>\n<h2 class=\"western\">Population, \u00e9lu-es locaux, et instances sont en permanence les dindons de la farce : il faut r\u00e9agir \u00e0 ce m\u00e9pris g\u00e9n\u00e9ralis\u00e9<\/h2>\n<p class=\"western\" style=\"text-align: justify;\">C\u2019est plus que de la fourberie, c\u2019est du m\u00e9pris en bonne et due forme de la part de l\u2019\u00c9tat et de l\u2019industrie nucl\u00e9aire. Cette acc\u00e9l\u00e9ration r\u00e9pond uniquement \u00e0 un calendrier \u00e9lectoral et politique ainsi qu\u2019aux pressions du lobby nucl\u00e9aire : il faut que tout soit cal\u00e9 et le d\u00e9cret sign\u00e9 avant les prochaines pr\u00e9sidentielles pour servir le discours de la relance de l\u2019atome. Ce gouvernement et ses nucl\u00e9ocrates d\u00e9voient les institutions d\u00e9mocratiques pour parvenir \u00e0 leurs fins et montrent au grand jour leur v\u00e9ritable int\u00e9r\u00eat : pouvoir dire que la question des d\u00e9chets nucl\u00e9aires qui s\u2019amoncellent a trouv\u00e9 une solution d\u00e9finitive de stockage et pouvoir continuer la fuite en avant triomphante du nucl\u00e9aire.<\/p>\n<p class=\"western\">Car dans le dossier de DAC, rien ne va :<\/p>\n<ul>\n<li>\n<p class=\"western\">le dossier est indigent : aujourd\u2019hui, ce qui est pr\u00e9sent\u00e9 est un concept, une id\u00e9e, pas un projet abouti, mature et s\u00fbr, comme l\u2019\u00c9tat s\u2019y \u00e9tait engag\u00e9 ;<\/p>\n<\/li>\n<li>\n<p class=\"western\">le dossier est sans cesse actualis\u00e9 : ce n\u2019est d\u00e9j\u00e0 pas le m\u00eame qui avait \u00e9t\u00e9 pr\u00e9sent\u00e9 en toute h\u00e2te aux collectivit\u00e9s locales fin 2025, sans l\u2019avis d\u00e9finitif de l\u2019ASNR (Autorit\u00e9 de S\u00fbret\u00e9 Nucl\u00e9aire et de Radioprotection) : un comble ! Et les nouveaux, nouvelles \u00e9lu-es suite aux municipales ne seront toujours pas install\u00e9-es dans les mairies qu\u2019il leur faudra prendre connaissance d\u2019un dossier long de 16 000 pages ! Impensable\u2026<\/p>\n<\/li>\n<li>\n<p class=\"western\">certaines instances, \u00e0 ce jour, n\u2019ont pas m\u00eame rendu leur avis : l\u2019Office Parlementaire des Choix Scientifiques et Technologiques (OPECST) devait rendre son avis avant l\u2019\u00e9t\u00e9 et le Haut Comit\u00e9 pour la Transparence et l\u2019Information sur la S\u00fbret\u00e9 Nucl\u00e9aire (HCTISN) n\u2019a toujours pas non plus rendu le sien (certes non obligatoire) alors qu\u2019il devait justement d\u00e9finir les crit\u00e8res d\u2019une enqu\u00eate publique sur CIG\u00c9O qui garantirait l\u2019information et la participation du public. L\u2019\u00c9tat se moque donc pleinement de nous, des \u00e9lu-es, mais aussi de l\u2019avis des parlementaires et des membres du Haut Comit\u00e9. Ces institutions doivent absolument r\u00e9agir, et vite, \u00e0 ce manque de consid\u00e9ration sid\u00e9rant.<\/p>\n<\/li>\n<\/ul>\n<h2 class=\"western\">Enqu\u00eate publique : instrument de la d\u00e9mocratie\u2026 ou du pouvoir ?<\/h2>\n<p class=\"western\" style=\"text-align: justify;\">Cette enqu\u00eate publique sera le dernier moment o\u00f9 la population pourra s\u2019exprimer sur CIG\u00c9O : \u00ab\u00a0le dernier rendez-vous d\u00e9mocratique\u00a0\u00bb comme se pla\u00eet \u00e0 le rappeler l\u2019ANDRA. Pourtant, rien n\u2019est fait pour qu\u2019elle se d\u00e9roule de mani\u00e8re sinc\u00e8re : \u00e0 partir d\u2019informations fiables, exhaustives et en toute transparence. Pire, elle serait m\u00eame pr\u00e9cipit\u00e9e, \u00e0 une p\u00e9riode estivale o\u00f9 personne n\u2019y aura la t\u00eate et dans un d\u00e9lai extr\u00eamement raccourci : une honte au regard des enjeux majeurs de ce projet colossal. Mais on l\u2019a bien compris\u00a0: pour les pouvoirs publics, il s\u2019agit d\u2019une \u00e9tape in\u00e9vitable d\u2019un point de vue r\u00e9glementaire et dont ils se seraient bien pass\u00e9s. Plus vite elle sera termin\u00e9e, mieux ce sera\u00a0; et peu importe ce que le public en pense : tout est d\u00e9j\u00e0 d\u00e9cid\u00e9 !<\/p>\n<p class=\"western\" style=\"text-align: justify;\">Si elle est maintenue, il y a fort \u00e0 parier que l\u2019enqu\u00eate publique prendra l\u2019allure du d\u00e9bat public de 2013 o\u00f9 pour rappel, la moiti\u00e9 des membres de la commission particuli\u00e8re du d\u00e9bat public s\u2019\u00e9taient d\u00e9solidaris\u00e9s du bilan, tant la d\u00e9mocratie \u00e9tait bafou\u00e9e et les conditions de l\u2019organisation ne r\u00e9pondait pas aux exigences d\u2019une r\u00e9elle information, sinc\u00e8re et de qualit\u00e9. Il serait impossible qu\u2019il en soit autrement pour celle \u00e0 venir, tant elle cumule d\u00e9j\u00e0 d\u2019insuffisances notoires.<\/p>\n<p class=\"western\">Nos vies valent mieux que leurs magouilles\u2026<\/p>\n<h1 class=\"western\"><a href=\"https:\/\/bureburebure.info\/wp-content\/uploads\/2026\/04\/2.png\"><img decoding=\"async\" class=\"size-full wp-image-17135 img-fluid aligncenter\" src=\"https:\/\/bureburebure.info\/wp-content\/uploads\/2026\/04\/2.png\" alt=\"\" width=\"687\" height=\"182\" \/><\/a><\/h1>\n<hr \/>\n<h1 class=\"western\">Le nouveau co\u00fbt de CIG\u00c9O \u2013 un non \u00e9v\u00e8nement pour qui suit le dossier depuis des ann\u00e9es<\/h1>\n<p class=\"western\" style=\"text-align: justify;\">Le gouvernement vient de prendre un nouveau d\u00e9cret d\u2019\u00e9valuation du co\u00fbt de CIG\u00c9O, qui est maintenant annonc\u00e9 \u00e0 37 milliards d\u2019euros au total sur une p\u00e9riode de 151 ans \u00e0 partir de 2016.<\/p>\n<h2 class=\"western\">Une arnaque de plus<\/h2>\n<p class=\"western\" style=\"text-align: justify;\">Nous vous annon\u00e7ons que ce d\u00e9cret sera bient\u00f4t abrog\u00e9 comme le pr\u00e9c\u00e9dent de 2016 et, comme l\u2019industrie nucl\u00e9aire en a l\u2019habitude, un autre sera pass\u00e9 avec un petit \u00ab\u00a0Oups ! On n\u2019avait pas pr\u00e9vu la crise, en fait, \u00e7a va co\u00fbter plus cher, d\u00e9sol\u00e9 !\u00a0\u00bb.<\/p>\n<p class=\"western\" style=\"text-align: justify;\">Cette nouvelle \u00e9valuation qui est une arnaque de plus est surtout une \u00e9tape indispensable \u00e0 la Demande d\u2019Autorisation de Cr\u00e9ation (DAC) de CIG\u00c9O que le gouvernement veut passer en force avant la fin de l\u2019ann\u00e9e, alors que :<\/p>\n<ul>\n<li>\n<p class=\"western\">ne sont prises en compte aucune des contre-expertises ind\u00e9pendantes men\u00e9es par le CLIS de Bure sur le projet qui vont sortir prochainement ;<\/p>\n<\/li>\n<li>\n<p class=\"western\">les r\u00e9sultats des prochaines \u00e9tudes de l\u2019ANDRA, capitales au niveau g\u00e9ologique, ne sortiront qu\u2019en 2028 ;<\/p>\n<\/li>\n<li>\n<p class=\"western\">l\u2019enqu\u00eate publique sur la DAC est annonc\u00e9e en mai 2026 au lieu de d\u00e9cembre 2026 pour des raisons politiques et non rationnelles tout \u00e0 fait assum\u00e9es par G\u00e9rard Longuet le 19 mars dans la presse locale, car il faut que le d\u00e9cret soit sign\u00e9 AVANT les pr\u00e9sidentielles ! Ah bon et pourquoi ? Parce que le projet CIG\u00c9O ne r\u00e9sisterait pas \u00e0 un nouveau gouvernement qui l\u2019examinerait s\u00e9rieusement, notamment sur la question de la faisabilit\u00e9 et du co\u00fbt\u2026 ? (voir l\u2019article sur l\u2019acc\u00e9l\u00e9ration du calendrier de CIG\u00c9O)<\/p>\n<\/li>\n<\/ul>\n<h2 class=\"western\">CIG\u00c9O, une fable de co\u00fbt en co\u00fbt et une destruction \u00e9cologique majeure<\/h2>\n<p class=\"western\">Il faut comprendre trois choses essentielles :<\/p>\n<ul>\n<li>\n<p class=\"western\">Le co\u00fbt de 12 milliards d\u2019euros en tout pour la phase industrielle pilote correspondrait \u00e0 la construction de toutes les installations de surface et de la descenderie, autrement dit c\u2019est un march\u00e9 juteux de plusieurs d\u00e9cennies pour les fabricants de b\u00e9ton, les mastodontes du BTP et autres machineries \u00e0 d\u00e9truire la plan\u00e8te. Et cela fait parti de la <b>strat\u00e9gie jusqu\u2019au-boutiste du fait accompli de l\u2019ANDRA<\/b> car une fois toutes ces installations construites, qui pourrait encore croire qu\u2019un gouvernement dirait \u00ab\u00a0On annule tout malgr\u00e9 tous ces milliards d\u00e9pens\u00e9s, car finalement CIG\u00c9O n\u2019est pas faisable sans risque majeur pour l\u2019environnement naturel et humain\u00a0\u00bb ?<\/p>\n<\/li>\n<li>\n<p class=\"western\"><b>CIG\u00c9O ne sera pas un projet \u00ab\u00a0cl\u00e9 en main\u00a0\u00bb<\/b> : l\u2019ANDRA ne construit pas l\u2019ensemble des installations et les 300 km de tunnels sous-terrains pour les remplir parce qu\u2019elle aurait la certitude que l\u2019ensemble fonctionne et qu\u2019aucun risque majeur ne subsisterait : NON, elle construit, elle creuse les trous et les remplit en m\u00eame temps de ces rebuts nucl\u00e9aires mortels. Combien cela co\u00fbterait-il d\u2019aller r\u00e9cup\u00e9rer les d\u00e9chets radioactifs si on d\u00e9cidait d\u2019arr\u00eater CIG\u00c9O apr\u00e8s 10 km de galeries remplies ? L\u2019ANDRA r\u00e9pond qu\u2019elle ne calcule pas cet \u00e9ventuel budget et que cela sera aux g\u00e9n\u00e9rations futures d\u2019en d\u00e9cider ! Merci du cadeau empoisonn\u00e9 !<\/p>\n<\/li>\n<li>\n<p class=\"western\">En plus de ne pas budg\u00e9tiser le co\u00fbt de la r\u00e9versibilit\u00e9 et de le faire peser par avance sur les g\u00e9n\u00e9rations futures, <b>la nouvelle estimation du co\u00fbt de CIG\u00c9O n\u2019inclut pas \u00ab\u00a0les incertitudes, risques et opportunit\u00e9s et al\u00e9as\u00a0\u00bb ainsi que \u00ab\u00a0la surveillance apr\u00e8s fermeture\u00a0\u00bb<\/b>. CIG\u00c9O, comme tout projet nucl\u00e9aire et du fait de sa dur\u00e9e a minima s\u00e9culaire, va in\u00e9vitablement subir des d\u00e9rives financi\u00e8res.<\/p>\n<\/li>\n<\/ul>\n<p class=\"western\"><b>Finalement, chiffrer un projet aussi hors norme que CIG\u00c9O rel\u00e8ve de l\u2019impossible. C\u2019est aussi en ce sens que ce nouvel arr\u00eat\u00e9 est un non-\u00e9v\u00e8nement. <\/b><\/p>\n<h2 class=\"western\">Alors vous avez dit \u00ab\u00a0r\u00e9versibilit\u00e9\u00a0\u00bb ?!<\/h2>\n<p class=\"western\" style=\"text-align: justify;\">De la poudre aux yeux pour aveugler sur le passage en force d\u00e9mocratique et pour arroser l\u2019\u00e9go \u00e9lectoral de nos \u00e9lus locaux\u2026<\/p>\n<p class=\"western\" style=\"text-align: justify;\">La strat\u00e9gie de l\u2019ANDRA pour faire avaler l\u2019\u00e9norme absurdit\u00e9 du concept m\u00eame de CIG\u00c9O et ses failles toutes aussi \u00e9normes est de d\u00e9couper le projet dans tous les sens pour mieux nous le faire avaler : mais non, \u00e7a ne passe toujours pas ! Nous refusons le principe m\u00eame d\u2019enfouissement bas\u00e9 sur des mensonges dont l\u2019ANDRA d\u00e9veloppe depuis des ann\u00e9es le principe \u00ab\u00a0Plus c\u2019est gros, plus \u00e7a passe\u00a0\u00bb.<\/p>\n<p class=\"western\" style=\"text-align: justify;\">Nous rappelons avec force au gouvernement et \u00e0 tous les d\u00e9cideurs locaux que, quelque soit les milliards d\u2019euros promis sur les 150 ans \u00e0 venir, nous refusons le saccage de nos lieux de vie, de nos villages, de leur sous-sol et de leur nappe phr\u00e9atique : <b>notre lutte ne fait que commencer ! <\/b><\/p>\n<hr \/>\n<h1 class=\"western\">Quelques textes sur les r\u00e9cents \u00e9v\u00e9nements<br \/>\n\u00e0 la Gare de Lum\u00e9ville<\/h1>\n<p class=\"western\" style=\"text-align: justify;\"><i>Cet article est compos\u00e9 de 3 textes\u00a0: 2 communiqu\u00e9s de presse publi\u00e9s en r\u00e9ponse aux propos du pr\u00e9fet de la Meuse quelques jours avant le week-end du 18-19 avril, et un texte \u00e9crit quelques jours apr\u00e8s ce m\u00eame week-end.<\/i><\/p>\n<h2 class=\"western\">Communiqu\u00e9 du 14 avril 2026<\/h2>\n<p class=\"western\" style=\"text-align: justify;\">C\u2019est face \u00e0 l\u2019imminence de l\u2019expulsion de l\u2019ancienne gare de Lum\u00e9ville-en-Ornois, lieu embl\u00e9matique de la lutte anti-nucl\u00e9aire, qu\u2019un appel a \u00e9t\u00e9 lanc\u00e9 pour un week-end de r\u00e9sistance et de c\u00e9l\u00e9bration du 16 au 19 avril 2026 \u2013 avec une manifestation le dimanche \u2013 sur ce terrain, expropri\u00e9 par l\u2019ANDRA l\u2019ann\u00e9e derni\u00e8re comme pr\u00e8s de 600 autres. Mais une fois n\u2019est pas coutume, la violence est attribu\u00e9e \u00e0 celles et ceux qui tentent d\u2019y r\u00e9sister. Le pr\u00e9fet Xavier Delarue, qui n\u2019en est pas \u00e0 son coup d\u2019essai en mati\u00e8re d\u2019affabulation, aurait eu \u00ab\u00a0des \u00e9chos d\u2019une mobilisation de black blocs\u00a0\u00bb et redoute un \u00ab\u00a0\u00e9v\u00e9nement extr\u00eamement violent\u00a0\u00bb. Il ne serait pas la premi\u00e8re personnalit\u00e9 de Lorraine \u00e0 entendre des voix.<\/p>\n<p class=\"western\" style=\"text-align: justify;\">En revanche, <b>la violence qui est constamment mise sous silence c\u2019est bien celle exerc\u00e9e par l\u2019ANDRA et la pr\u00e9fecture<\/b>. C\u2019est la violence subie par tous les agriculteurs et agricultrices \u00e0 qui on a vol\u00e9 leurs terres\u00a0; c\u2019est la violence subie par tous les habitants et habitantes du sud Meuse et de la Haute-Marne qui endurent le harc\u00e8lement des gendarmes, qui contr\u00f4lent et intimident \u00e0 toute heure du jour et de la nuit et qui n\u2019h\u00e9sitent pas \u00e0 p\u00e9n\u00e9trer sur des propri\u00e9t\u00e9s priv\u00e9es, lampe torche \u00e0 la main et arme \u00e0 la ceinture. C\u2019est aussi la violence de l\u2019industrie nucl\u00e9aire qui sacrifie des territoires, irradie des populations et provoque des catastrophes inqualifiables \u2013 on comm\u00e9morera les 40 ans de Tchernobyl, le 26 avril.<\/p>\n<p class=\"western\" style=\"text-align: justify;\"><b>Ce qui est \u00e9galement pass\u00e9 sous silence, c\u2019est l\u2019acc\u00e9l\u00e9ration brutale du calendrier du projet CIG\u00c9O<\/b>, avec l\u2019avanc\u00e9e de cette supercherie d\u00e9mocratique qu\u2019est l\u2019enqu\u00eate publique au mois de mai. <b>Un projet qui a toujours progress\u00e9 contre l\u2019avis des populations, sans concertation et \u00e0 l\u2019aide de m\u00e9thodes dignes des pires mafias. <\/b><\/p>\n<p class=\"western\" style=\"text-align: justify;\">Alors n\u2019en d\u00e9plaise au pr\u00e9fet, il y aura toujours des personnes qui auront le courage de r\u00e9sister \u00e0 la violence et c\u2019est ce courage que l\u2019on c\u00e9l\u00e9brera \u00e0 l\u2019ancienne gare de Lum\u00e9ville-en-Ornois ce week-end, mais aussi dans le village de Mandres-en-barrois o\u00f9 les luttes paysannes et rurales seront \u00e0 l\u2019honneur. Et toutes celles et ceux qui n\u2019ont pas encore perdu espoir y sont cordialement invit\u00e9es\u00a0!<\/p>\n<p class=\"western\">Les opposants et opposantes \u00e0 CIG\u00c9O (et son monde)<\/p>\n<h2 class=\"western\">Communiqu\u00e9 du 17 avril 2026<\/h2>\n<p class=\"western\">Mais que peut-il donc bien se passer dans le sud-Meuse ?<\/p>\n<p class=\"western\" style=\"text-align: justify;\">Une manifestation interdite ? Quatre \u00e0 cinq milles participant\u22c5es ? Des blackblickblocks tr\u00e8s tr\u00e8s m\u00e9chant.es ? Le grand soir ??? Mais diable, que peut-il donc bien se passer dans le sud de la Meuse ?<\/p>\n<p class=\"western\" style=\"text-align: justify;\">Les journalistes en mal d\u2019inspiration, qui n\u2019ont d\u2019ordinaire que faire de nos communiqu\u00e9s, de l\u2019avanc\u00e9e du projet CIG\u00c9O et des ravages de l\u2019industrie nucl\u00e9aire, se bousculent au portillon, comme \u00e0 leur habitude, d\u00e8s qu\u2019un pantin de l\u2019\u00c9tat pr\u00e9voit, l\u2019eau \u00e0 la bouche, les fameux \u00ab affrontements ultra-violents \u00bb. D\u00e9boussol\u00e9s, ils r\u00e9clament des repr\u00e9sentant\u22c5es, des chef\u22c5fes, des responsables qui voudraient bien leur jeter quelques morceaux bien juteux. Il ne leur viendrait jamais \u00e0 l\u2019esprit que des chef\u22c5fes, ici, il n y en a pas. Ni qu\u2019on accepterait peut \u00eatre de leur accorder un peu de cr\u00e9dit s\u2019ils s\u2019int\u00e9ressaient d\u2019avantage \u00e0 nous, \u00e0 ce qu\u2019il se passe ici au quotidien et si nous pouvions leur faire un peu plus confiance. D\u2019ici l\u00e0, nous continueront \u00e0 produire nos propres m\u00e9dias et notre propre communication, de mani\u00e8re autonome.<\/p>\n<p class=\"western\" style=\"text-align: justify;\">Le pr\u00e9fet Alarue, pareillement d\u00e9contenanc\u00e9, ne comprend pas non plus qu\u2019il n\u2019ai pas eu affaire \u00e0 une organisation d\u00e9clar\u00e9e et que personne ne lui ai demand\u00e9 son aimable autorisation pour se d\u00e9placer dans l\u2019espace. Il aurait ainsi fait appel \u00e0 800 miliciens pour r\u00e9primer ce myst\u00e9rieux \u00e9v\u00e9nement qui regrouperait pr\u00e8s d\u20191 million de personnes, selon les chiffres des chouettes-hiboux habitant la Gare [\u2026]<\/p>\n<p class=\"western\"><b>Une chose est s\u00fbre : La Gare ne partira pas en silence, et elle ne demandera pas l\u2019autorisation pour le faire. <\/b><\/p>\n<p class=\"western\">Des opposant\u22c5es \u00e0 CIG\u00c9O<\/p>\n<p>&nbsp;<\/p>\n<h2 class=\"western\">La Gare a \u00e9t\u00e9 expuls\u00e9e &#x1f641;<\/h2>\n<p class=\"western\" style=\"text-align: justify;\">Vous avez s\u00fbrement pu remarquer une densit\u00e9 anormale de voitures bleues et de gens de la m\u00eame couleur, un peu partout sur les belles routes de Meuse et de Haute-Marne, qui g\u00e2chaient un peu le paysage. Pourquoi donc toute cette agitation, me direz-vous\u00a0? Les Bure\u2019lesques c\u2019est pas avant ao\u00fbt\u00a0! Mais cette fois-ci, les flics \u00e9taient mobilis\u00e9s sur une autre affaire, qui dure depuis un bon bout de temps maintenant\u00a0: contr\u00f4ler et r\u00e9primer un maximum les d\u00e9placements vers l\u2019Ancienne Gare de Lum\u00e9ville. Avec leur manque d\u2019humour habituel, ils ont donc r\u00e9guli\u00e8rement transform\u00e9 des trajets de 5 minutes en longue attente, pour tous les gens du coin.<\/p>\n<p class=\"western\" style=\"text-align: justify;\">Dans un autre genre, le dimanche 19 avril, de belles barricades, \u00e9olienne et d\u00f4me multicolore sont apparus sur la d\u2019habitude bucolique D138, entre Mandres-en-Barrois et Lum\u00e9ville, bloquant la route aux flics (mais pas que, malheureusement) pour prot\u00e9ger la manifestation au d\u00e9part de la Gare.<\/p>\n<p class=\"western\" style=\"text-align: justify;\">Terrain appartenant aux antinucl\u00e9aires depuis 19 ans, la Gare a accueilli le quotidien des militant.es, nombre d\u2019\u00e9v\u00e8nements antinucl\u00e9aires, nos joies et nos peurs. Ce lieu embl\u00e9matique de la lutte contre CIG\u00c9O \u00e9tait concern\u00e9, comme bon nombre de terrains et terres agricoles, par la vague d\u2019expropriation qui a commenc\u00e9 il y a plus d\u2019un an maintenant. L\u00e9galement expropri\u00e9e depuis le 11 octobre 2025, le terrain est rest\u00e9 occup\u00e9, anim\u00e9 par des f\u00eates, \u00e9v\u00e8nements et les diff\u00e9rents appels \u00e0 rejoindre la lutte. En plus de l\u2019occupation, diff\u00e9rents recours l\u00e9gaux ont permis de retarder un maximum l\u2019expulsion.<\/p>\n<p class=\"western\" style=\"text-align: justify;\">Ce dimanche 19 avril, \u00e0 l\u2019occasion d\u2019une manifestation pour la Gare, nous avons choisi de partir de nous-m\u00eame, quand nous le souhaitions, et de ne pas attendre de nous faire r\u00e9veiller \u00e0 6h du matin par une centaine de gendarmes surarm\u00e9s.<\/p>\n<p class=\"western\" style=\"text-align: justify;\">C\u2019est pourquoi apr\u00e8s la marche, lorsque les lignes de gendarmes ont commenc\u00e9 \u00e0 se rapprocher de la Gare, celles et ceux d\u2019entre nous qui sommes rest\u00e9.es avons incendi\u00e9 les barricades et les cabanes, et nous sommes parti.es.<\/p>\n<p class=\"western\" style=\"text-align: justify;\">La pr\u00e9fecture dit qu\u2019ils ne voulaient pas expulser \u00e0 ce moment. Nous, on pense que malgr\u00e9 l\u2019immense dispositif policier demand\u00e9 par le pr\u00e9fet (800 gendarmes annonc\u00e9s pour la manifestation !), ils ont \u00e9t\u00e9 d\u00e9bord\u00e9s, et surpris.<\/p>\n<p class=\"western\" style=\"text-align: justify;\">En tout cas ils n\u2019ont pas attendu bien longtemps pour amener des engins et des grilles autour et dans le terrain, le pr\u00e9fet Xavier Delarue et Patrice Torres en photo comme des enfants capricieux enfin satisfaits devant le b\u00e2timent principal.<\/p>\n<p class=\"western\" style=\"text-align: justify;\">Non seulement ils n\u2019ont pas pu ma\u00eetriser l\u2019ex pulsion comme ils le souhaitaient, mais ils ont en plus prouv\u00e9 qu\u2019ils avaient peur de nous, de la force de la r\u00e9sistance au projet CIGEO.<\/p>\n<p class=\"western\" style=\"text-align: justify;\">Nous sommes parti.es en beaut\u00e9, en flammes, nous ne regrettons rien, et si c\u2019est la fin de la Gare telle que nous la connaissons, ce n\u2019est pas la fin de la lutte.<\/p>\n<p class=\"western\" style=\"text-align: justify;\">Nous avons aim\u00e9 vivre et lutter sur ce terrain, et nous allons continuer \u00e0 nous battre ici pour que l\u2019ANDRA et toute sa clique de pelleteuses et de nucl\u00e9ocrates ne puisse pas transformer la Meuse en leur \u2013 co\u00fbteux \u2013 terrain de jeu.<\/p>\n<p class=\"western\" style=\"text-align: justify;\">Merci \u00e0 toustes celles et ceux d\u2019entre vous qui nous ont glis s\u00e9 des mots de soutien, ont pris des nouvelles de la Gare, \u00e0 celles et ceux qui nous ont rencontr\u00e9 et nous ont donn\u00e9 de la force, c\u2019\u00e9tait pr\u00e9cieux et \u00e7a nous a aid\u00e9 \u00e0 tenir toute cette ann\u00e9e.<\/p>\n<p class=\"western\" style=\"text-align: justify;\">\u00c7a nous aidera aussi dans le futur, et c\u2019est ensemble qu\u2019on pourra enfin faire en sorte que ce projet pourri n\u2019advienne pas\u00a0; n\u2019h\u00e9sitez donc pas \u00e0 venir nous voir quand vous voulez pour papoter \u00e0 la Maison de R\u00e9sistance, \u00e0 Bure, ou pour boire un verre le jeudi soir au bar de l\u2019Augustine, \u00e0 Mandres-en-Barrois. On pourra se raconter comment c\u2019\u00e9tait la Gare, qu\u2019on y aie v\u00e9cu on qu\u2019on aie \u00e9t\u00e9 voisines ou voisins, et parler de la suite\u00a0!<\/p>\n<hr \/>\n<h1 class=\"western\">S\u2019opposer au RN dans nos campagnes<\/h1>\n<p class=\"western\" style=\"text-align: justify;\">Dans la Meuse et la Haute Marne, le vote RN est bien implant\u00e9e. Il est important de comprendre et pouvoir s\u2019opposer \u00e0 ce parti d\u2019extr\u00eame droite.<\/p>\n<p class=\"western\" style=\"text-align: justify;\">Le RN souhaiterait se donner une image plus pr\u00e9sentable que celui du FN, parti fond\u00e9 par d\u2019anciens membres de la Wafen-SS. Le parti arrive m\u00eame \u00e0 faire des discours contre l\u2019antis\u00e9mitisme, et Bardella para\u00eet en Isra\u00ebl. Il ne faut pas se leurrer l\u00e0 dessus, leur objectif est juste de faire des alliances id\u00e9ologiques pour un colonialisme agressif, Streetpress, en 2024, a \u00e9pingl\u00e9 109 candidats RN qui ont fait des saluts nazis, tenus des propos ouvertement racistes, antis\u00e9mites, homophobes et discriminants. 1\/4 des d\u00e9put\u00e9s RN sont sur des groupes facebook fascistes. Il n\u2019y a pas de doutes sur leur objectif violent. Revenons dans la suite sur leur apparence d\u2019\u00eatre proche du peuple.<\/p>\n<p class=\"western\" style=\"text-align: justify;\">La plupart des \u00e9lu.es RN qui parlent font parti de la tr\u00e8s haute bourgeoisie, et ils sont soutenus par plusieurs multi-milliardaires, comme Bolor\u00e9 ou Sterrin qui leur donne bonne figure dans leurs nombreux m\u00e9dias qu\u2019ils poss\u00e8dent (Cnews, Canal+, Europe 1, etc) ainsi qu\u2019\u00e0 leur fortune.<\/p>\n<h2 class=\"western\">\u00ab\u00a0On ne les a pas encore essay\u00e9\u00a0\u00bb<a class=\"sdfootnoteanc\" href=\"https:\/\/bureburebure.info\/nouveau-numero-du-petit-journal-contre-cigeo\/#sdfootnote1sym\" name=\"sdfootnote1anc\"><sup>1<\/sup><\/a><\/h2>\n<p class=\"western\">Pourquoi faudrait-il \u00ab\u00a0essayer\u00a0\u00bb un parti qui vote \u00e0 l\u2019assembl\u00e9e toutes les mesures antisociales\u00a0et qui favorisent les ultras riches ?<\/p>\n<p class=\"western\" style=\"text-align: justify;\">Au Palais-Bourbon, les d\u00e9put\u00e9.es du Rassemblement National sont les ennemis irr\u00e9ductibles des salari\u00e9.es et des pr\u00e9caires. Depuis 2022, ils\/elles ont vot\u00e9 :<\/p>\n<ul>\n<li>\n<p class=\"western\">Contre l\u2019augmentation du SMIC<\/p>\n<\/li>\n<li>\n<p class=\"western\">Contre l\u2019indexation des salaires sur l\u2019inflation<\/p>\n<\/li>\n<li>\n<p class=\"western\">Contre la revalorisation des pensions de retraite<\/p>\n<\/li>\n<li>\n<p class=\"western\">Contre la gratuit\u00e9 des cantines<\/p>\n<\/li>\n<li>\n<p class=\"western\">Contre le gel des loyers<\/p>\n<\/li>\n<li>\n<p class=\"western\">Contre une taxation renforc\u00e9e des plus riches, contre la taxation des patrimoines de plus de 100 millions d\u2019euros.<\/p>\n<\/li>\n<li>\n<p class=\"western\">Pour la r\u00e9duction des droits li\u00e9s au ch\u00f4mage<\/p>\n<\/li>\n<\/ul>\n<p>&nbsp;<\/p>\n<p class=\"western\" style=\"text-align: justify;\">Pourquoi faudrait-il \u00ab\u00a0essayer\u00a0\u00bb un parti qui d\u00e9nonce les d\u00e9rives du \u00ab\u00a0syst\u00e8me\u00a0\u00bb, mais qui se trouve impliqu\u00e9 dans les pires turpitudes, pour plusieurs des villes, r\u00e9gions ou circonscriptions conquises par l\u2019extr\u00eame droite\u00a0?<\/p>\n<p class=\"western\">De nombreuses proc\u00e9dures judiciaires sont en cours pour les actes r\u00e9pr\u00e9hensibles suivants :<\/p>\n<ul>\n<li>\n<p class=\"western\">Favoritisme et client\u00e9lisme<\/p>\n<\/li>\n<li>\n<p class=\"western\">Prise ill\u00e9gale d\u2019int\u00e9r\u00eat et corruption<\/p>\n<\/li>\n<li>\n<p class=\"western\">D\u00e9tournements de fonds publics<\/p>\n<\/li>\n<\/ul>\n<p class=\"western\" style=\"text-align: justify;\">Les agissements de David Rachline, \u00e0 Fr\u00e9jus\u00a0; Florent de Kersauson, dans le Morbihan\u00a0; Marie-France Lorho, dans le Vaucluse\u00a0; Christine Engrand dans le Pas-de-Calais en sont quelques exemples.<\/p>\n<p>&nbsp;<\/p>\n<p class=\"western\" style=\"text-align: justify;\">Pourquoi faudrait-il \u00ab\u00a0essayer\u00a0\u00bb un parti et des \u00e9lu.es, qui , depuis la naissance du FN jusqu\u2019au RN aujourd\u2019hui, affirment sans honte qu\u2019ils ont les mains propres et la t\u00eate haute\u00a0?<\/p>\n<ul>\n<li>\n<p class=\"western\">Marine Le Pen, a \u00e9t\u00e9 jug\u00e9e, avec vingt-cinq autres pr\u00e9venu.es, puis condamn\u00e9e pour des faits de d\u00e9tournement de fonds publics europ\u00e9ens.<\/p>\n<\/li>\n<li>\n<p class=\"western\">Nombre de salari\u00e9.es du Front National ayant \u00e9t\u00e9 r\u00e9mun\u00e9r\u00e9.es sur la base d\u2019embauches fictives d\u2019assistants parlementaires europ\u00e9ens.<\/p>\n<\/li>\n<\/ul>\n<p>&nbsp;<\/p>\n<p class=\"western\"><a class=\"sdfootnotesym\" href=\"https:\/\/bureburebure.info\/nouveau-numero-du-petit-journal-contre-cigeo\/#sdfootnote1anc\" name=\"sdfootnote1sym\">1<\/a> <i>Extraits de la brochure \u00ab <\/i><i>On ne les a pas encore essay\u00e9. <\/i><i>Vraiment ? <\/i><i>\u00bb\u00a0: <a href=\"https:\/\/www.ripostes.org\/on-ne-les-a-pas-encore-essayes-vraiment\/\">https:\/\/www.ripostes.org\/on-ne-les-a-pas-encore-essayes-vraiment\/<\/a><\/i><\/p>\n<p>&nbsp;<\/p>\n<p class=\"western\" style=\"text-align: justify;\">Pour ce qui concerne le projet CIG\u00c9O\u00a0: Le nucl\u00e9aire a toujours \u00e9t\u00e9 un outil important pour le parti d\u2019extr\u00eame droite. En effet plusieurs valeurs sont proches entre le RN et le nucl\u00e9aire\u00a0:<\/p>\n<h2 class=\"western\">1) La proximit\u00e9 avec le nucl\u00e9aire militaire<\/h2>\n<p class=\"western\" style=\"text-align: justify;\">Les connaissances dans l\u2019atome et l\u2019acc\u00e8s aux technologies du nucl\u00e9aire civile sert avant tout \u00e0 pouvoir d\u00e9velopper du nucl\u00e9aire militaire. Ainsi la France a fourni dans le pass\u00e9 cette technologie \u00e0 Isra\u00ebl (permettant aujourd\u2019hui \u00e0 ce pays d\u2019avoir l\u2019arme nucl\u00e9aire), \u00e0 l\u2019Irak, \u00e0 l\u2019Iran, et \u00e0 tout un tas de pays. Pas d\u2019\u00e9thiques, que des envies de prolif\u00e9ration de la bombe.<\/p>\n<p class=\"western\" style=\"text-align: justify;\">Dans le monde le nucl\u00e9aire civile repr\u00e9sente 3\u00a0% de la production \u00e9nerg\u00e9tique. 70\u00a0% de l\u2019\u00e9nergie nucl\u00e9aire civile est produite par 5 pays, dans l\u2019ordre\u00a0: Les \u00c9tats Unis, la France, la Russie, la Cor\u00e9e du Sud, et la Chine. Donc \u00e0 la question comment se passer de l\u2019\u00e9nergie nucl\u00e9aire, la question est inexistante pour l\u2019essentiel des pays de la plan\u00e8te.<\/p>\n<p class=\"western\" style=\"text-align: justify;\">Ces 5 pays, sont dans le top 10 des exportateurs mondiaux d\u2019armes dans le monde. Les 4 premiers vendeurs d\u2019armes au monde \u00e9tant dans l\u2019ordre\u00a0: les \u00c9tats Unis, la France, la Russie, la Chine. Avoir beaucoup de scientifique dans le domaine du nucl\u00e9aire, permet d\u2019exporter \u00e0 d\u2019autres pays l\u2019acc\u00e8s \u00e0 l\u2019arme nucl\u00e9aire.<\/p>\n<h2 class=\"western\">2) L\u2019autoritarisme et l\u2019opacit\u00e9<\/h2>\n<p class=\"western\" style=\"text-align: justify;\">Pour avoir du nucl\u00e9aire, il faut mentir et cacher des informations. Toutes les structures en lien avec le nucl\u00e9aire accumulent les scandales dans ce domaine. La page des affaires d\u2019Areva \u2013 ancien nom d\u2019Orano \u2013 de Wikip\u00e9dia est particuli\u00e8rement locace \u00e0 ce sujet. Aussi c\u2019est un domaine o\u00f9 de tr\u00e8s nombreux politiciens font des all\u00e9s retours entre les hauts postes des entreprises du nucl\u00e9aire et les r\u00f4les de d\u00e9put\u00e9s \/ ministres \/ s\u00e9nateurs.<\/p>\n<p class=\"western\" style=\"text-align: justify;\">En parall\u00e8le, chaque site nucl\u00e9aire se fait envahir d\u2019une pr\u00e9sence de gendarmes tr\u00e8s importante, Bure ayant son escadron permanent pour surveiller les opposant.es et un budget illimit\u00e9 pour augmenter cette surveillance au bout vouloir du pr\u00e9fet ou des magistrats.<\/p>\n<h2 class=\"western\">3) Le colonialisme et l\u2019accaparement des terres<\/h2>\n<p class=\"western\" style=\"text-align: justify;\">Pour avoir du nucl\u00e9aire il faut dans les pays pauvres extraire une quantit\u00e9 monstrueuse de mati\u00e8re, c\u2019est bien loin des pays qui en profitent o\u00f9 se produit une bonne partie des pollutions des eaux et de l\u2019air qui auront lieu, et o\u00f9 ils peuvent laisser des populations dans des situations sanitaires d\u00e9sastreuses, provocants maladie et destruction. Voler \u00e0 grande \u00e9chelle des ressources de ces terres et les laisser meurtries pour des g\u00e9n\u00e9rations.<\/p>\n<p class=\"western\" style=\"text-align: justify;\">C\u2019est aussi devoir s\u2019accaparer sur des territoires les terres de nombreuses populations. Bure, qui ne repr\u00e9sente que l\u2019\u00e9tape de la gestion des d\u00e9chets, a d\u00e9j\u00e0 subit de nombreuses expropriations, et va en subir d\u2019autres au fur et \u00e0 mesure de l\u2019avanc\u00e9e des travaux (m\u00eame si Patrice Torr\u00e8s a pr\u00e9tendu publiquement que \u00e7a n\u2019est pas le cas)<\/p>\n<h2 class=\"western\">Le RN et le nucl\u00e9aire<\/h2>\n<p class=\"western\" style=\"text-align: justify;\">Voyons de plus pr\u00eat ce que nous propose le RN vis \u00e0 vis du nucl\u00e9aire civile\u00a0: La d\u00e9fense du nucl\u00e9aire s\u2019inscrit parfaitement dans la matrice politique du RN, qui le pr\u00e9sente \u2013 \u00e0 tort \u2013 comme gage de l\u2019ind\u00e9pendance \u00e9nerg\u00e9tique de la France. Outre le d\u00e9mant\u00e8lement d\u2019\u00e9oliennes, le parti pr\u00e9voit de construire vingt r\u00e9acteurs nucl\u00e9aires. Maxime Amblard sugg\u00e8re, lui, de fabriquer d\u2019abord une paire d\u2019EPR dont la \u00ab\u00a0technologie a \u00e9t\u00e9 \u00e9prouv\u00e9e\u00a0\u00bb et qui entreraient en service d\u00e8s 2033. Oui, c\u2019est cette technologie essay\u00e9e \u00e0 Flamanville, dont la mise en service a eu plus de 12 ans de retard, et qui n\u2019est aujourd\u2019hui toujours pas fonctionnelle \u00e0 100\u00a0%, en t\u00e9moigne les mises \u00e0 l\u2019arr\u00eat r\u00e9guli\u00e8res\u00a0; et dont le co\u00fbt a explos\u00e9, ayant \u00e9t\u00e9 multipli\u00e9 par 4, entre 2005 et 2015.<\/p>\n<hr \/>\n<h1 class=\"western\">Quelques retours sur la semaine<br \/>\nantinucl\u00e9aire \u00e0 Lille<\/h1>\n<p class=\"western\" style=\"text-align: justify;\">Du mercredi 18 mars au dimanche 22 mars 2026, se tenait une semaine antinucl\u00e9aire \u00e0 Lille. Plusieurs d\u2019entre nous, opposant-es \u00e0 Cig\u00e9o et diff\u00e9remment habitant-es du sud-meuse, nous y sommes all\u00e9\u00a0! Alors on vous raconte un peu.<\/p>\n<p class=\"western\" style=\"text-align: justify;\">La semaine commen\u00e7ait avec deux soir\u00e9es les mercredi et jeudi, suivies de deux demi-journ\u00e9es vendredi et samedi cl\u00f4tur\u00e9es par des superbes soir\u00e9es musicales, pour finir dimanche apr\u00e8s-midi apr\u00e8s un d\u00e9jeuner INCROYABLE\u00a0!<\/p>\n<p class=\"western\" style=\"text-align: justify;\">On a eu le temps de se casser la t\u00eate sur les concepts compliqu\u00e9s de la radioactivit\u00e9, r\u00e9fl\u00e9chir aux liens entre le nucl\u00e9aire, l\u2019intelligence artificielle et le f\u00e9minisme, \u00e9couter des intervenantes qui ont expliqu\u00e9 la place du nucl\u00e9aire dans l\u2019organisation du pouvoir de la soci\u00e9t\u00e9 occidentale, chanter la m\u00e9moire de Greenham Common, danser au son de nos super-stars les Freemeuses\u00a0!!!<\/p>\n<p class=\"western\" style=\"text-align: justify;\">Tout \u00e7a en ayant le temps de manger de bons petits plats v\u00e9gan pr\u00e9par\u00e9s par les cantines, faire la grasse m\u00e2tin\u00e9e pour dig\u00e9rer tout ce qu\u2019on apprenait la veille, \u00e9couter de la musique encore et encore gr\u00e2ce aux DJ set des copaines.<\/p>\n<h2 class=\"western\"><b>P<\/b><b>rojection de At(h)ome, documentaire d\u2019<\/b><b>\u00c9<\/b><b>lisabeth <\/b><b>L<\/b><b>euvrey<\/b><\/h2>\n<p class=\"western\" style=\"text-align: justify;\">On vous recommande ce documentaire, qui s\u2019ach\u00e8te 18\u20ac sur internet. Vous pouvez aussi contacter la r\u00e9alisatrice pour organiser une projection par chez vous.<\/p>\n<p class=\"western\" style=\"text-align: justify;\">Le documentaire aborde la place du nucl\u00e9aire pendant la guerre d\u2019Alg\u00e9rie et les enjeux de cette industrie qui pesaient sur la lib\u00e9ration du peuple alg\u00e9rien. Une m\u00e9moire pr\u00e9cieuse \u00e0 l\u2019heure o\u00f9 les fascistes en France voudraient faire oublier ou minimiser les horreurs de la colonisation fran\u00e7aise en Alg\u00e9rie.<\/p>\n<h2 class=\"western\"><b>L<\/b><b>e nucl\u00e9aire et la mine, <\/b><b>une grande histoire d\u2019amour (toxique)<\/b><b>\u00a0: <\/b><b>extractivisme &amp; nucl\u00e9aire<\/b><\/h2>\n<p class=\"western\" style=\"text-align: justify;\">Quand on parle de nucl\u00e9aire, on parle forc\u00e9ment d\u2019extractivisme. C\u2019est-\u00e0-dire l\u2019organisation industrielle n\u00e9cessaire \u00e0 l\u2019extraction dans les sous-sols de m\u00e9taux, de terres rares et de compos\u00e9s chimiques de toutes sortes.<\/p>\n<p class=\"western\" style=\"text-align: justify;\">Il y a l\u2019uranium, bien s\u00fbr. Carburant \u00e0 la base des techniques de fission nucl\u00e9aire. Mais il faut ajouter tous les \u00e9l\u00e9ments n\u00e9cessaires \u00e0 l\u2019\u00e9lectrification des usages. Le lithium des batteries, l\u2019or et le cuivre des appareils \u00e9lectroniques, et bien d\u2019autres encore. S\u2019il est certain que les quantit\u00e9s actuellement extraites sont bien trop importantes partout le monde, et que l\u2019extraction mini\u00e8re ravage les sols, les territoires et les populations\u00a0; il ne faut pas oublier qu\u2019aucune mine ne peut \u00eatre propre ou soutenable.<\/p>\n<p class=\"western\" style=\"text-align: justify;\">La piste \u00e0 suivre reste souvent la m\u00eame\u00a0: am\u00e9liorer les conditions de vie des travailleureuses du secteur, stopper et emp\u00eacher les nouveaux projets, diminuer les consommations, reprendre le pouvoir de d\u00e9cision des productions aux capitalistes<\/p>\n<h2 class=\"western\"><b>R<\/b><b>adioactivit\u00e9 &amp; compteur <\/b><b>G<\/b><b>eiger<\/b><\/h2>\n<p class=\"western\" style=\"text-align: justify;\">Connaissez-vous alpha, b\u00eata, gamma\u00a0; le trio radioactif\u00a0! C\u2019est ainsi que les physicien-nes ont nomm\u00e9 les diff\u00e9rents types de rayonnement radioactif. Une analyse indispensable pour mieux comprendre comment s\u2019en prot\u00e9ger.<\/p>\n<p class=\"western\" style=\"text-align: justify;\">Un compteur Geiger fonctionne avec un tube qui analyse les particules radioactives qui le traversent. La mesure en Sievert indique la quantit\u00e9 de particules radioactives qui traversent le tube sur un temps donn\u00e9. Impossible donc de savoir avec un compteur geiger s\u2019il s\u2019agit de particules alpha ou b\u00eata, ou d\u2019ondes gamma.<\/p>\n<p class=\"western\" style=\"text-align: justify;\">En tout cas, plus on s\u2019en \u00e9loigne, moins le risque pour la sant\u00e9 est grand. Mais il faut d\u2019\u00e9paisses couches de b\u00e9ton, d\u2019aluminium et de plomb pour emp\u00eacher la radioactivit\u00e9 sous toutes ses formes de circuler. Avec le nombre de centrales partout en France, on peut dire qu\u2019on est en s\u00e9curit\u00e9 nulle part en cas d\u2019accident plus ou moins grave.<\/p>\n<p class=\"western\" style=\"text-align: justify;\">Encore une fois, on r\u00e9p\u00e8te\u00a0: arr\u00eat du nucl\u00e9aire\u00a0! Il faudra de nombreuses ann\u00e9es, voire des d\u00e9cennies pour d\u00e9manteler les centrales existantes. Les d\u00e9chets d\u00e9j\u00e0 produits resteront une plaie pour les g\u00e9n\u00e9rations futures. Alors la priorit\u00e9 est bien celle de mettre un terme \u00e0 la croissance du d\u00e9sastre.<\/p>\n<h2 class=\"western\">Intelligence artificielle &amp; nucl\u00e9aire<\/h2>\n<p class=\"western\" style=\"text-align: justify;\">L\u2019intelligence artificielle a besoin d\u2019\u00e9lectricit\u00e9. Le nucl\u00e9aire est son alli\u00e9 naturel\u00a0!<\/p>\n<p class=\"western\" style=\"text-align: justify;\">Inventer des nouveaux besoins, cr\u00e9ation de frustrations pour les combler par de nouvelles consommations, destruction des liens sociaux qui tenaient les communes, quartiers et villes pour les remplacer par du num\u00e9rique \u00e0 tout-va = voil\u00e0 le cadeau empoisonn\u00e9 des capitalistes.<\/p>\n<p class=\"western\" style=\"text-align: justify;\">A propos de nucl\u00e9aire plus sp\u00e9cifiquement, l\u2019intelligence artificielle commence \u00e0 \u00eatre utilis\u00e9e par les nucl\u00e9ocrates\u00a0; notamment aux \u00c9tats-Unis. R\u00e9sultat\u00a0: des ing\u00e9nieurs informatiques qui n\u2019y connaissent pas grand-chose en nucl\u00e9aire se retrouvent aux manettes de centrales, parce que ce sont des serveurs d\u2019IA qui pilotent les r\u00e9acteurs. Voil\u00e0, l\u2019industrie nucl\u00e9aire est en train de confier les r\u00e9acteurs les plus dangereux au monde \u00e0 des serveurs informatiques. De quoi nous rendre absolument d\u00e9pendant collectivement de ces serveurs, des entreprises qui les poss\u00e8dent et des informaticiens aux manettes. Pari risqu\u00e9, et surtout l\u2019assurance de n\u2019avoir aucun contr\u00f4le d\u00e9mocratique dans ces conditions.<\/p>\n<h2 class=\"western\"><b>R<\/b><b>emerciements<\/b><\/h2>\n<p class=\"western\" style=\"text-align: justify;\">On remercie mille et mille fois les copaines de Lille\u00a0! L\u2019accueil \u00e9tait incroyable, ils et elles se sont donn\u00e9 \u00e0 fond pour faire de cette semaine antinucl\u00e9aire une semaine joyeuse malgr\u00e9 qu\u2019on discute que des trucs d\u00e9primants. Pour s\u00fbr qu\u2019on va continuer de se voir et de faire plein de choses ensemble\u00a0; vive la lutte antinucl\u00e9aire \u00e0 Lille, en Meuse et partout ailleurs\u00a0!<\/p>\n<p class=\"western\" style=\"text-align: justify;\">On rappelle aussi qu\u2019\u00e0 Lille, ils et elles sont concern\u00e9-es par le nucl\u00e9aire de pr\u00e8s. Les centrales de Gravelines sont un site suppos\u00e9 pour les chantiers des nouveaux EPR derni\u00e8re g\u00e9n\u00e9ration. Vous vous souvenez\u00a0? Ceux que l\u2019affreux Macron nous a promis. Comme quoi, toujours l\u00e0 pour nous annoncer des mauvaises nouvelles. Arrogant comme il est, il assure que ces chantiers iront vite\u00a0! LOL, on a vu ce que \u00e7a a donn\u00e9 pour l\u2019EPR de flamanville\u00a0; des ann\u00e9es de retard et un budget qui a explos\u00e9 de plusieurs milliards\u00a0! Idem pour Cig\u00e9o par chez nous, il y a un peu plus de 10 ans, l\u2019Andra annon\u00e7ait fi\u00e8rement que les premiers d\u00e9chets arriveraient en 2025 \u2026 LOOOOOL\u00a0!<\/p>\n<p class=\"western\">Nous, on est, et on restera, m\u00e9chamment antinucl\u00e9aires\u00a0!<\/p>\n<hr \/>\n<h1 class=\"western\">Le Front Juridique Contre Cig\u00e9o dit au revoir \u00e0 quelques-un\u22c5es de ses requ\u00e9rant\u22c5es<\/h1>\n<p class=\"western\" style=\"text-align: justify;\">Il y a mille et une mani\u00e8re de lutter contre Cig\u00e9o, l\u2019une d\u2019elle est de participer \u00e0 des actions en justice contre le projet.<\/p>\n<p class=\"western\" style=\"text-align: justify;\">Si pour les associations anti-nucl\u00e9aire, cela para\u00eet \u00e9vident, \u00e7a l\u2019est moins pour les habitant\u22c5tes de Bure et alentour\u00a0: pas facile d\u2019aller en justice contre l\u2019Andra sur un territoire o\u00f9 elle r\u00e8gne en semant la zizanie et la terreur, prendre le risque d\u2019avoir des repr\u00e9sailles insidieuses, peut-\u00eatre avoir des tensions avec ses voisins ou dans sa propre famille\u2026<\/p>\n<p class=\"western\" style=\"text-align: justify;\">Il faut du courage et \u00e0 Mandres-en-Barrois, quelque-un\u22c5es de celles et ceux qui nous ont quitt\u00e9 cette derni\u00e8re ann\u00e9e n\u2019en manquaient pas\u00a0: M. Serge Paquin, Mme Germaine Nikitine et plus r\u00e9cemment Mme Claudine Lafrogne \u00e9taient tous trois de tous les recours contre Cig\u00e9o. C\u2019\u00e9tait un plaisir de passer les voir, de leur donner des nouvelles de la lutte et de leur soutien sans faille \u00e0 l\u2019action juridique.<\/p>\n<p class=\"western\" style=\"text-align: justify;\">Plus de visite dans la petite maison \u00e0 l\u2019ancienne de M. et Mme Paquin, plus de d\u00e9couverte des tr\u00e9sors culturels de Mme Nikitine et plus de rencontre dans la rue avec \u00ab\u00a0La Claudine\u00a0\u00bb, Mme Lafrogne, qui arpentait le village et qui on pouvait dire \u00e0 son passage \u00ab\u00a0On va encore attaquer l\u2019Andra au tribunal, tu en es cette fois-ci encore Claudine\u00a0?\u00a0\u00bb. Bien s\u00fbr en souvenir de son mari et du pass\u00e9 quand elles et quelques autres femmes du village s\u2019\u00e9taient mobilis\u00e9es pour emp\u00eacher \u00ab\u00a0le labo\u00a0\u00bb de s\u2019installer\u2026<\/p>\n<p class=\"western\">Nous allons continuer la lutte en ne vous oubliant pas. Merci d\u2019avoir particip\u00e9 tant d\u2019ann\u00e9es \u00e0 nos actions juridiques\u00a0!<\/p>\n<hr \/>\n<h1 class=\"western\">Agenda<\/h1>\n<ul>\n<li>\n<p class=\"western\"><b>Tous les jeudis, march\u00e9 \u00e0 prix solidaires <\/b>(l\u00e9gumes bio et plantes aromatiques\/m\u00e9dicinales) <b>de 17h \u00e0 19h \u00e0 l\u2019Augustine<\/b> \u00e0 Mandres-en-Barrois (2 rue de Vinelle)<\/p>\n<\/li>\n<li>\n<p class=\"western\"><b>Printemps des luttes paysannes<\/b> au bar <b>\u00ab\u00a0Les 3 vall\u00e9es\u00a0\u00bb \u00e0 Tr\u00e9veray<\/b>, le dimanche <b>3 mai \u00e0 partir de 10h<\/b>. Au programme\u00a0: balade, cueillette, auberge espagnole, bourse aux plants, bourses aux graines\u2026<\/p>\n<\/li>\n<li>\n<p class=\"western\"><b>Manifestation le 19 mai 2026 \u00e0 12h Place Reggio \u00e0 Bar-le-Duc<\/b>, pour d\u00e9noncer l\u2019avanc\u00e9e de l\u2019enqu\u00eate publique sur CIG\u00c9O<\/p>\n<\/li>\n<li>\n<p class=\"western\"><b>Chantiers-\u00e9cole de charpente\/couverture<\/b> du 1er au 14 juin \u00e0 la <b>Maison de R\u00e9sistance<\/b> de Bure (2 rue de l\u2019\u00c9glise)<\/p>\n<\/li>\n<li>\n<p class=\"western\"><b>Festival des Bure\u2019lesque, du 14 au 16 ao\u00fbt<\/b>, dans le sud de la Meuse (plus d\u2019infos \u00e0 venir)<\/p>\n<\/li>\n<\/ul>\n<hr \/>\n<h1 class=\"western\">Petites infos<\/h1>\n<ul>\n<li>\n<p class=\"western\"><b>Nos associations attaquent Unitech sur tous les fronts<\/b>. Dans le pr\u00e9c\u00e9dent num\u00e9ro du petit journal contre CIG\u00c9O, on vous parlait de l\u2019avanc\u00e9e d\u2019Unitech. Depuis, un r\u00e9f\u00e9r\u00e9-suspension a \u00e9t\u00e9 d\u00e9pos\u00e9 fin d\u00e9cembre, il a \u00e9t\u00e9 rejet\u00e9 en janvier. Un recours contre l\u2019autorisation environnementale a aussi \u00e9t\u00e9 lanc\u00e9e, on est toujours en attente d\u2019une date d\u2019audience.<\/p>\n<\/li>\n<li>\n<p class=\"western\"><b>Un nouveau conflit d\u2019int\u00e9r\u00eat sur fond de zones d\u2019ombres !<\/b> Maxime Amblard, d\u00e9put\u00e9 du Sud meusien, vient d\u2019\u00eatre nomm\u00e9 rapporteur de l\u2019avis de l\u2019OPECST (Office Parlementaire des Choix Scientifiques et Technologiques) sur la demande d\u2019autorisation de cr\u00e9ation de CIG\u00c9O (DAC). Maxime Amblard est un ing\u00e9nieur nucl\u00e9aire, salari\u00e9 de Framatome. Il a \u00e9t\u00e9 \u00e9lu d\u00e9put\u00e9 (RN) de la Meuse, au terme d\u2019une curieuse campagne de parachutage. Comment croire un instant que l\u2019actuel d\u00e9put\u00e9, par ailleurs partisan actif de la construction de nouveaux r\u00e9acteurs nucl\u00e9aires, puisse avoir une position objective ?\u00a0Que conna\u00eet-il au juste des risques et incertitudes notoires du dossier ? A-t-il \u00e9t\u00e9 nomm\u00e9 rapporteur pour l\u2019OPECST pour d\u00e9fendre les int\u00e9r\u00eats de la fili\u00e8re nucl\u00e9aire, en fid\u00e8le nouveau gardien du temple ?<\/p>\n<\/li>\n<li>\n<p class=\"western\"><b>En 6 mois de cess\u00e9 le feu<\/b> (10 octobre 2025 \u2013 10 avril 2026), <b>738 palestinien.nes ont \u00e9t\u00e9 assassin\u00e9.es par l\u2019arm\u00e9e isra\u00e9lienne<\/b>. Le peuple continue de ne pas avoir acc\u00e8s aux besoins de base\u00a0: eau, nourriture, m\u00e9dicaments, salubrit\u00e9, logements, libert\u00e9 de d\u00e9placement, s\u00e9curit\u00e9\u2026<\/p>\n<\/li>\n<\/ul>\n<hr \/>\n<h1 class=\"western\">Petites annonces (plus ou moins s\u00e9rieuses)<\/h1>\n<p style=\"text-align: justify;\">Retour vers le futur\u00a0: les tonnes de d\u00e9chets radioactifs balanc\u00e9s dans la mer cherchent les experts qui les y ont foutus pour une discussion totalement \u00ab inoffensive \u00bb<\/p>\n<p style=\"text-align: justify;\">Cherche caravane pour remplacer la mienne car je ne distingue plus le plancher du plancher des vaches. Pr\u00e9f\u00e9rablement waterproof. Merci de contacter la r\u00e9daction, on peut venir la remorquer<\/p>\n<p style=\"text-align: justify;\">Vu que c\u2019est bure bure bure la vie, cherche Amandres pour activit\u00e9 cardioactive. Comme dirait Torr\u00e8s entre Guillaum\u00e9 : \u00ab C\u2019est dans les vieux saudron qu\u2019on fait la meilleur soupe \u00bb<\/p>\n<p style=\"text-align: justify;\">L\u2019invasion de tiques dans nos for\u00eat, la maladie de Lyme et autres joyeuset\u00e9s transport\u00e9es par ces derni\u00e8res, remercient grandement la d\u00e9forestation et l\u2019alimentation du gibier qui participent \u00e0 leurs prolif\u00e9rations<\/p>\n<p style=\"text-align: justify;\">La maison de r\u00e9sistance r\u00e9cup\u00e8re les palettes de toutes tailles, de tout format. On fait feu de tout bois donc n\u2019h\u00e9sitez pas \u00e0 venir en d\u00e9poser. En cas de crainte d\u2019usage trop radical, moyen de sp\u00e9cifier, pour ne pas qu\u2019elles se retrouvent utilis\u00e9es sur une barricade, comme projectile ou transform\u00e9e en tr\u00e9buchet<\/p>\n<p style=\"text-align: justify;\">Tremblements de terre \u00e0 venir dans le cadre d\u2019un r\u00e9chauffement climatique accentu\u00e9 aimeraient pr\u00e9venir les usag\u00e8r.es de toutes installations souterraines du risque de\u00a0: PAF sur vos gueules<\/p>\n<p style=\"text-align: justify;\">L\u2019Andra lance un appel \u00e0 dons pour compenser le co\u00fbt faramineux des installations qui ont d\u00e9cupl\u00e9s depuis les premi\u00e8res estimations du double projet\u00a0: celui d\u2019enfouissement des consciences et des d\u00e9chets. Les plus gros donateur.ices ou sympathisant.es seront r\u00e9compens\u00e9.es avec des alc\u00f4ves personnelles pour \u00eatre enterr\u00e9.es avec les autres d\u00e9chets. Plus d\u2019informations sur : <a href=\"mailto:andrarnaque@mort.fr\">andrarnaque@mort.fr<\/a><\/p>\n<p style=\"text-align: justify;\">Ing\u00e9nieur.es en mal d\u2019inspiration cherchent argumentaires claqu\u00e9s au sous-sol pour combler les trous du dossier de la DAC afin de garder un semblant de cr\u00e9dibilit\u00e9 lors des prochaines consultations publiques<\/p>\n<p style=\"text-align: justify;\">Bravo au Duster qui a effectu\u00e9 le 20 000\u00e8me passage devant la maison de r\u00e9sistance depuis son achat en 2004. Bravo \u00e9galement aux h\u00e9ros de l\u2019\u00e9quipe bleue qui ont effectu\u00e9 le 5683\u00e8me contr\u00f4le policier et qui ont mis courageusement une verbalisation pour un A manquant\u00a0! Vu le salaire mensuel d\u2019un escadron de 80 GM (400 000 \u20ac), nos comptables estiment \u00e0 10 000 le nombre de verbalisation n\u00e9cessaire par mois pour les rendre utiles. Alors pensez \u00e0 eux, rouler un peu trop vite, oubliez vos A, roulez avec des pneus lisses et ne remplacez pas vos ampoules\u00a0!<\/p>\n<p style=\"text-align: justify;\">Contrairement \u00e0 ce qui avait \u00e9t\u00e9 annonc\u00e9, il y aura bien des expropriations d\u2019habitation le long de la future voie de chemin de fer entre Nantois-Tronville et Gondrecourt. L\u2019Andra profitera de l\u2019occasion pour organiser un vide-grenier exceptionnel et super festif tout le long de cette voie de chemin de fer\u2026 Quelle bande de chanceux.ses ! Si vous ne voulez pas participer aux festivit\u00e9s, on recherche des requ\u00e9rant.es pour s\u2019opposer \u00e0 ces expropriations<\/p>\n<p style=\"text-align: justify;\">\u00c0 l\u2019attention du maire de Bure\u00a0: Ici, ton cheval fourbu est souvent transi de froid. L\u2019hiver est pass\u00e9, j\u2019en suis soulag\u00e9 mais pourrait-il ne pas passer le prochain dehors et tout seul, merci<\/p>\n<p style=\"text-align: justify;\" align=\"left\">Vous avez une petite annonce \u00e0 passer ? Un objet \u00e0 donner ? Un amour secret ? Un petit trait d\u2019humour ? N\u2019h\u00e9sitez pas \u00e0 nous envoyer vos dol\u00e9ances<\/p>\n<hr \/>\n<p>Source : <a href=\"https:\/\/bureburebure.info\/nouveau-numero-du-petit-journal-contre-cigeo\/\" target=\"_blank\" rel=\"noopener\">https:\/\/bureburebure.info\/nouveau-numero-du-petit-journal-contre-cigeo\/<\/a><\/p>\n","protected":false},"excerpt":{"rendered":"<p>Voici le PDF du Petit Journal contre CIG\u00c9O du mois d\u2019avril 2026 (n\u00b08) : \u2013<\/p>\n","protected":false},"author":1,"featured_media":2242,"comment_status":"open","ping_status":"open","sticky":false,"template":"","format":"standard","meta":{"footnotes":""},"categories":[3],"tags":[156,154,155],"class_list":["post-2238","post","type-post","status-publish","format-standard","has-post-thumbnail","hentry","category-luttes-resistances","tag-bure","tag-cigeo","tag-gare-de-lumeville"],"_links":{"self":[{"href":"https:\/\/www.bascules.social\/index.php?rest_route=\/wp\/v2\/posts\/2238","targetHints":{"allow":["GET"]}}],"collection":[{"href":"https:\/\/www.bascules.social\/index.php?rest_route=\/wp\/v2\/posts"}],"about":[{"href":"https:\/\/www.bascules.social\/index.php?rest_route=\/wp\/v2\/types\/post"}],"author":[{"embeddable":true,"href":"https:\/\/www.bascules.social\/index.php?rest_route=\/wp\/v2\/users\/1"}],"replies":[{"embeddable":true,"href":"https:\/\/www.bascules.social\/index.php?rest_route=%2Fwp%2Fv2%2Fcomments&post=2238"}],"version-history":[{"count":2,"href":"https:\/\/www.bascules.social\/index.php?rest_route=\/wp\/v2\/posts\/2238\/revisions"}],"predecessor-version":[{"id":2241,"href":"https:\/\/www.bascules.social\/index.php?rest_route=\/wp\/v2\/posts\/2238\/revisions\/2241"}],"wp:featuredmedia":[{"embeddable":true,"href":"https:\/\/www.bascules.social\/index.php?rest_route=\/wp\/v2\/media\/2242"}],"wp:attachment":[{"href":"https:\/\/www.bascules.social\/index.php?rest_route=%2Fwp%2Fv2%2Fmedia&parent=2238"}],"wp:term":[{"taxonomy":"category","embeddable":true,"href":"https:\/\/www.bascules.social\/index.php?rest_route=%2Fwp%2Fv2%2Fcategories&post=2238"},{"taxonomy":"post_tag","embeddable":true,"href":"https:\/\/www.bascules.social\/index.php?rest_route=%2Fwp%2Fv2%2Ftags&post=2238"}],"curies":[{"name":"wp","href":"https:\/\/api.w.org\/{rel}","templated":true}]}}