{"id":2204,"date":"2026-04-20T11:22:32","date_gmt":"2026-04-20T11:22:32","guid":{"rendered":"https:\/\/www.bascules.social\/?p=2204"},"modified":"2026-04-20T11:22:32","modified_gmt":"2026-04-20T11:22:32","slug":"republica-y-monarquia-dos-versiones-del-estado-capitalista","status":"publish","type":"post","link":"https:\/\/www.bascules.social\/?p=2204","title":{"rendered":"Rep\u00fablica y monarqu\u00eda, dos versiones del Estado capitalista"},"content":{"rendered":"<div class=\"col-md-9\">\n<div class=\"contenido\">\n<div class=\"semi-fijo blog\">\n<div class=\"autores\">\n<div class=\"autoria\">\n<div class=\"autor d-flex align-items-center\"><a title=\"Ver a: Antonio P\u00e9rez Collado\" href=\"https:\/\/www.elsaltodiario.com\/autor\/antonio-perez-collado\" data-phx-link=\"redirect\" data-phx-link-state=\"push\">Antonio P\u00e9rez Collado <\/a><\/div>\n<\/div>\n<div class=\"fecha_publi\">\n<div class=\"fecha\" data-phx-id=\"m127-phx-GKgLrV78mcIoJZkB\">20 abr 2026 11:58<\/div>\n<\/div>\n<\/div>\n<\/div>\n<div id=\"contenido-principal-articulo\" class=\"articulo-texto-contenido\">\n<p style=\"text-align: justify;\">Sin querer equiparar modelos de gobierno ni ofender a nadie que no se lo merezca, me propongo llamar la atenci\u00f3n sobre una curiosa coincidencia que se da entre lo que pudi\u00e9ramos llamar los dos extremos de la sociedad espa\u00f1ola: los situados a la derecha y a la izquierda en el mapa de las ideas. La extrema derecha reclama un r\u00e9gimen, el de la dictadura, bajo el que sus apologetas tuvieron la suerte de no vivir, mientras que los adscritos a la izquierda -digamos m\u00e1s progresista, por no llamarla extrema- reivindican una rep\u00fablica que tampoco conocieron directamente.<\/p>\n<p style=\"text-align: justify;\">La II Rep\u00fablica Espa\u00f1ola acab\u00f3 con la victoria de Franco en 1939 y la criminal dictadura del general de la voz aflautada en 1975, por lo que ni los republicanos ni la mayor\u00eda de los franquistas actuales pueden guiarse por sus experiencias personales. Esto no es una excusa para que en cualquiera de los casos se desconozca la historia, se manipulen los hechos o se idealicen y exageren las realizaciones de unos u otros.<\/p>\n<p style=\"text-align: justify;\">La dictadura de Franco supuso una pesadilla que solo merece la pena conocer para evitar que vuelva a producirse. Otro caso bastante diferente es el del per\u00edodo republicano (14 de abril de 1931 &#8211; 1 de abril de 1939) en el que se sucedieron diversas etapas, con sus correspondientes peque\u00f1os avances y grandes decepciones. Parece innecesario explicar que \u2014al igual que en cualquier rep\u00fablica actual se pueden dar gobiernos de las m\u00e1s diversas orientaciones pol\u00edticas\u2014 en la rep\u00fablica espa\u00f1ola se sucedieron ejecutivos de centro-derecha y centro-izquierda.<\/p>\n<p style=\"text-align: justify;\">Tampoco es un secreto a estas alturas que cumpliendo \u00f3rdenes de gobiernos republicanos se produjeron numerosos episodios de represi\u00f3n a luchas obreras, con ejemplos tan poco identificables con los ideales de libertad, igualdad y fraternidad como las matanzas en la rebeli\u00f3n de Casas Viejas (1933) o la revoluci\u00f3n de Asturias (1934). Aunque hay muchos m\u00e1s.<\/p>\n<p style=\"text-align: justify;\">Hubo un breve periodo (febrero de 1936 \u2013 mayo de 1937) en el que toda la izquierda lleg\u00f3 a agrupase en el Frente Popular y ganar las elecciones, recuperando parcialmente la ilusi\u00f3n revolucionaria al incorporar a ministros de los sindicatos obreros UGT y CNT y tomar tibias medidas sociales que se ven\u00edan aplazando. Tampoco se cumplieron las expectativas creadas y tras unos meses se produjo el relevo por otro gabinete que no supo recuperar el rumbo y la rep\u00fablica, ya muy devaluada, se encontr\u00f3 con el levantamiento militar y la guerra.<\/p>\n<p style=\"text-align: justify;\">Es muy probable que sea ese corto periodo, de empresas bajo control obrero, tierras colectivizadas y columnas de milicianos defendiendo la revoluci\u00f3n, el que alimenta los sue\u00f1os de los profetas de la III Rep\u00fablica, pero sin querer quitarles la ilusi\u00f3n habr\u00eda que tomar en consideraci\u00f3n que hoy estamos muy lejos de contar con la fuerza y la decisi\u00f3n de la clase trabajadora de hace un siglo, y que aquel cambio social que se produjo en la etapa republicana se debi\u00f3 m\u00e1s a la entrega de todo un pueblo que a las iniciativas parlamentarias de los partidos del gobierno. Pongamos aqu\u00ed alg\u00fan ejemplo, que viene como anillo al dedo: la implantaci\u00f3n de la jornada de las 8 horas de trabajo, conquistada por la CNT tras la huelga de La Canadiense, en pleno reinado de Alfonso XIII.<\/p>\n<blockquote><p>Aquel cambio social que se produjo en la etapa republicana se debi\u00f3 m\u00e1s a la entrega de todo un pueblo que a las iniciativas parlamentarias de los partidos del gobierno.<\/p><\/blockquote>\n<p style=\"text-align: justify;\">Reconocer los muchos errores de la rep\u00fablica espa\u00f1ola de 1931 en modo alguno puede interpretarse como una adhesi\u00f3n o defensa de la monarqu\u00eda, sistema bajo el que tambi\u00e9n anidan la explotaci\u00f3n y la injusticia. Y ante la evidencia de que rep\u00fablica y monarqu\u00eda son dos formas de gobierno dentro del sistema capitalista cabr\u00eda esperar propuestas mucho m\u00e1s sugerentes y transformadoras que las de sustituir la cabeza visible de ese Estado que, en una u otra versi\u00f3n, ya ha demostrado que su misi\u00f3n no es otra que regular y vigilar la explotaci\u00f3n del capitalismo sobre los pueblos.<\/p>\n<p style=\"text-align: justify;\">Por supuesto que las pocas monarqu\u00edas que como herencia de un pasado medieval sobreviven en este siglo XXI no son todas tan tolerables y decorativas como las de los pa\u00edses n\u00f3rdicos (tambi\u00e9n est\u00e1n las de Marruecos, Jordania o Arabia Saud\u00ed) pero otro tanto se podr\u00eda decir de las rep\u00fablicas, con casos tan poco presentables para la defensa del modelo como las dos Coreas, Egipto, China, Siria, Ir\u00e1n, Turqu\u00eda, Ucrania o los mism\u00edsimos Estados Unidos.<\/p>\n<p style=\"text-align: justify;\">As\u00ed es que \u2014mientras no seamos capaces de asumir propuestas que impliquen la superaci\u00f3n del Estado\u2014 al menos se deber\u00eda clarificar un poco m\u00e1s qu\u00e9 se propone realmente cuando se reivindica una rep\u00fablica sin ning\u00fan tipo de adjetivo. Aclarar si la banca y las grandes empresas seguir\u00e1n mandando realmente, si la vivienda, la sanidad, la ense\u00f1anza y el resto de servicios p\u00fablicos ser\u00e1n un derecho irrenunciable o se quedar\u00e1n en un ambiguo art\u00edculo constitucional, si habr\u00e1 democracia directa y decidir\u00e1n los ciudadanos o si ser\u00e1n los cargos elegidos los que hagan lo que les venga en gana durante cuatro a\u00f1os, etc.<\/p>\n<p style=\"text-align: justify;\">La verdad es que en estos momentos, una rep\u00fablica al uso, con un presidente que podr\u00eda ser M. Rajoy, Felipe Gonz\u00e1lez o alguna otra pasada glor\u00eda pol\u00edtica, con un jefe de gobierno como el actual (o incluso como Feij\u00f3o) no anima mucho a coger la tricolor y cantar el himno de Riego como si fu\u00e9ramos a asaltar el cuartel de la Monta\u00f1a o las Atarazanas.<\/p>\n<hr \/>\n<\/div>\n<\/div>\n<\/div>\n<p>Fuent\u00e9 : https:\/\/www.elsaltodiario.com\/alkimia\/republica-monarquia-dos-versiones-del-estado-capitalista?utm_source=feed<\/p>\n","protected":false},"excerpt":{"rendered":"<p>Antonio P\u00e9rez Collado 20 abr 2026 11:58 Sin querer equiparar modelos de gobierno ni ofender<\/p>\n","protected":false},"author":1,"featured_media":2205,"comment_status":"open","ping_status":"open","sticky":false,"template":"","format":"standard","meta":{"footnotes":""},"categories":[12],"tags":[153,150,151,152],"class_list":["post-2204","post","type-post","status-publish","format-standard","has-post-thumbnail","hentry","category-penser-les-bascules","tag-antonio-perez-collado","tag-etat","tag-monarchie","tag-republique"],"_links":{"self":[{"href":"https:\/\/www.bascules.social\/index.php?rest_route=\/wp\/v2\/posts\/2204","targetHints":{"allow":["GET"]}}],"collection":[{"href":"https:\/\/www.bascules.social\/index.php?rest_route=\/wp\/v2\/posts"}],"about":[{"href":"https:\/\/www.bascules.social\/index.php?rest_route=\/wp\/v2\/types\/post"}],"author":[{"embeddable":true,"href":"https:\/\/www.bascules.social\/index.php?rest_route=\/wp\/v2\/users\/1"}],"replies":[{"embeddable":true,"href":"https:\/\/www.bascules.social\/index.php?rest_route=%2Fwp%2Fv2%2Fcomments&post=2204"}],"version-history":[{"count":1,"href":"https:\/\/www.bascules.social\/index.php?rest_route=\/wp\/v2\/posts\/2204\/revisions"}],"predecessor-version":[{"id":2206,"href":"https:\/\/www.bascules.social\/index.php?rest_route=\/wp\/v2\/posts\/2204\/revisions\/2206"}],"wp:featuredmedia":[{"embeddable":true,"href":"https:\/\/www.bascules.social\/index.php?rest_route=\/wp\/v2\/media\/2205"}],"wp:attachment":[{"href":"https:\/\/www.bascules.social\/index.php?rest_route=%2Fwp%2Fv2%2Fmedia&parent=2204"}],"wp:term":[{"taxonomy":"category","embeddable":true,"href":"https:\/\/www.bascules.social\/index.php?rest_route=%2Fwp%2Fv2%2Fcategories&post=2204"},{"taxonomy":"post_tag","embeddable":true,"href":"https:\/\/www.bascules.social\/index.php?rest_route=%2Fwp%2Fv2%2Ftags&post=2204"}],"curies":[{"name":"wp","href":"https:\/\/api.w.org\/{rel}","templated":true}]}}