{"id":2159,"date":"2026-04-10T17:35:31","date_gmt":"2026-04-10T17:35:31","guid":{"rendered":"https:\/\/www.bascules.social\/?p=2159"},"modified":"2026-04-10T17:35:31","modified_gmt":"2026-04-10T17:35:31","slug":"wallmapu-comunidades-mapuche-lafquenche-denuncian-fines-partidistas-tras-asamblea-nacional-mapuche","status":"publish","type":"post","link":"https:\/\/www.bascules.social\/?p=2159","title":{"rendered":"Wallmapu. Comunidades mapuche lafquenche denuncian fines partidistas tras \u00abasamblea nacional mapuche\u00bb"},"content":{"rendered":"<header class=\"entry-header \">\n<div class=\"entry-meta\"><span class=\"posted-on\"> Publicado el <span class=\"published\"> 10 de abril de 2026<\/span><\/span> \/ Por\u00a0<span class=\"posted-by vcard author\">\u00a0<a class=\"url fn n\" title=\"Ver todas las entradas de Comunicados\" href=\"https:\/\/kaosenlared.net\/author\/comunicados\/\" rel=\"author\">\u00a0<span class=\"author-name\"> Comunicados<\/span><\/a><\/span><\/div>\n<\/header>\n<div class=\"entry-content clear\">\n<p class=\"wp-block-paragraph\" style=\"text-align: justify;\">Las comunidades Mapuche Lafquenche de Puerto Saavedra, hemos tomado conocimiento de que los d\u00edas 10 y 11 de abril de 2026, se realizar\u00e1 la denominada \u00abAsamblea Nacional Mapuche\u00bb (ANP) en la localidad de Labranza, comuna de Temuco, por lo cual denunciamos:<\/p>\n<p class=\"wp-block-paragraph\" style=\"text-align: justify;\">1.- Los convocantes a dicha reuni\u00f3n son todos militantes de partidos pol\u00edticos que vienen utilizando la situaci\u00f3n Mapuche para sus propios fines.<\/p>\n<p class=\"wp-block-paragraph\" style=\"text-align: justify;\">2.- Ellos han entretenido a los Mapuche, como fue el reconocimiento constitucional en el gobierno de la se\u00f1ora Bachelet, cuando se envi\u00f3 el proyecto el \u00faltimo d\u00eda (all\u00ed estuvo el coordinador Lautaro Loncon, hoy convocante a la ANP).<\/p>\n<p class=\"wp-block-paragraph\" style=\"text-align: justify;\">3.- Ningunos de ellos ha participado en la lucha por tierra y territorio. Los Mapuche que verdaderamente han luchado est\u00e1n en las c\u00e1rceles, acusados y criminalizados.<\/p>\n<p class=\"wp-block-paragraph\" style=\"text-align: justify;\">4.- Los convocantes a la ANP son los mismos que apoyaron con sus partidos pol\u00edticos de la derecha e izquierda la conformaci\u00f3n de la Comisi\u00f3n por la Paz y Entendimiento, excluyendo al Pueblo Mapuche y sus organizaciones.<\/p>\n<p class=\"wp-block-paragraph\" style=\"text-align: justify;\">5.- Son los mismos que asesoraron al ex intendente y diputado Andr\u00e9s Molina para la Ley de Biocombustibles, donde se impone a los Mapuche que deben sacar autorizaci\u00f3n notarial para usar la le\u00f1a en sus Nguillatun (all\u00ed el asesor fue Domingo Colicoy).<\/p>\n<p class=\"wp-block-paragraph\" style=\"text-align: justify;\">6.- Detr\u00e1s de la mencionada Asamblea Nacional Mapuche, est\u00e1n los candidatos a consejeros para la Corporaci\u00f3n Nacional de Desarrollo Ind\u00edgena, CONADI, cuando los consejeros de CONADI no tienen ninguna funci\u00f3n importante. Ser\u00e1 que se candidatean para avalar la pol\u00edtica del nuevo gobierno de Jos\u00e9 Antonio Kast (entre los que se cuenta Sergio Melinao, convocante y candidato a la CONADI).<\/p>\n<p class=\"wp-block-paragraph\" style=\"text-align: justify;\">7.- Ninguno de ellos ha organizado y trabajado por la libre determinaci\u00f3n. Han preferido sus partidos pol\u00edticos de derecha e izquierda.<\/p>\n<p class=\"wp-block-paragraph\" style=\"text-align: justify;\">8.- Finalmente, desde el territorio Lafquenche les pedimos que dejen de dividir, falsear y utilizar los derechos Mapuche para fines partidarios.<\/p>\n<p>&nbsp;<\/p>\n<p class=\"wp-block-paragraph\"><strong>Territorio Lafquenche<\/strong><\/p>\n<p class=\"wp-block-paragraph\"><strong>Margarita Ayllapan<\/strong><\/p>\n<p class=\"wp-block-paragraph\"><strong>Comuna de Puerto Saavedra<\/strong><\/p>\n<hr \/>\n<p>Fuente :<\/p>\n<blockquote class=\"wp-embedded-content\" data-secret=\"RihZjUyULq\"><p><a href=\"https:\/\/kaosenlared.net\/wallmapu-comunidades-mapuche-lafquenche-denuncian-fines-partidistas-tras-asamblea-nacional-mapuche\/\">Wallmapu. Comunidades mapuche lafquenche denuncian fines partidistas tras \u00abasamblea nacional mapuche\u00bb<\/a><\/p><\/blockquote>\n<p><iframe class=\"wp-embedded-content\" sandbox=\"allow-scripts\" security=\"restricted\" style=\"position: absolute; visibility: hidden;\" title=\"\u00abWallmapu. Comunidades mapuche lafquenche denuncian fines partidistas tras \u00abasamblea nacional mapuche\u00bb\u00bb \u2014 \" src=\"https:\/\/kaosenlared.net\/wallmapu-comunidades-mapuche-lafquenche-denuncian-fines-partidistas-tras-asamblea-nacional-mapuche\/embed\/#?secret=xshU4v7YQt#?secret=RihZjUyULq\" data-secret=\"RihZjUyULq\" width=\"600\" height=\"338\" frameborder=\"0\" marginwidth=\"0\" marginheight=\"0\" scrolling=\"no\"><\/iframe><\/p>\n<\/div>\n","protected":false},"excerpt":{"rendered":"<p>Publicado el 10 de abril de 2026 \/ Por\u00a0\u00a0\u00a0 Comunicados Las comunidades Mapuche Lafquenche de<\/p>\n","protected":false},"author":1,"featured_media":2160,"comment_status":"open","ping_status":"open","sticky":false,"template":"","format":"standard","meta":{"footnotes":""},"categories":[3],"tags":[122,149,147,148,121],"class_list":["post-2159","post","type-post","status-publish","format-standard","has-post-thumbnail","hentry","category-luttes-resistances","tag-causa-mapuche","tag-comuna-de-puerto-saavedra","tag-margarita-ayllapan","tag-territorio-lafquenche","tag-wallmapu_cam"],"_links":{"self":[{"href":"https:\/\/www.bascules.social\/index.php?rest_route=\/wp\/v2\/posts\/2159","targetHints":{"allow":["GET"]}}],"collection":[{"href":"https:\/\/www.bascules.social\/index.php?rest_route=\/wp\/v2\/posts"}],"about":[{"href":"https:\/\/www.bascules.social\/index.php?rest_route=\/wp\/v2\/types\/post"}],"author":[{"embeddable":true,"href":"https:\/\/www.bascules.social\/index.php?rest_route=\/wp\/v2\/users\/1"}],"replies":[{"embeddable":true,"href":"https:\/\/www.bascules.social\/index.php?rest_route=%2Fwp%2Fv2%2Fcomments&post=2159"}],"version-history":[{"count":4,"href":"https:\/\/www.bascules.social\/index.php?rest_route=\/wp\/v2\/posts\/2159\/revisions"}],"predecessor-version":[{"id":2164,"href":"https:\/\/www.bascules.social\/index.php?rest_route=\/wp\/v2\/posts\/2159\/revisions\/2164"}],"wp:featuredmedia":[{"embeddable":true,"href":"https:\/\/www.bascules.social\/index.php?rest_route=\/wp\/v2\/media\/2160"}],"wp:attachment":[{"href":"https:\/\/www.bascules.social\/index.php?rest_route=%2Fwp%2Fv2%2Fmedia&parent=2159"}],"wp:term":[{"taxonomy":"category","embeddable":true,"href":"https:\/\/www.bascules.social\/index.php?rest_route=%2Fwp%2Fv2%2Fcategories&post=2159"},{"taxonomy":"post_tag","embeddable":true,"href":"https:\/\/www.bascules.social\/index.php?rest_route=%2Fwp%2Fv2%2Ftags&post=2159"}],"curies":[{"name":"wp","href":"https:\/\/api.w.org\/{rel}","templated":true}]}}