{"id":2135,"date":"2026-04-05T21:06:36","date_gmt":"2026-04-05T21:06:36","guid":{"rendered":"https:\/\/www.bascules.social\/?p=2135"},"modified":"2026-04-05T21:06:36","modified_gmt":"2026-04-05T21:06:36","slug":"israel-naissance-dun-etat-colonial","status":"publish","type":"post","link":"https:\/\/www.bascules.social\/?p=2135","title":{"rendered":"ISRAEL, naissance d\u2019un \u00e9tat colonial"},"content":{"rendered":"<div class=\"wrapper hfeed\">\n<div id=\"content\" class=\"content hentry\">\n<div class=\"cartouche clearfix\">\n<p class=\"info-publi\"><abbr class=\"published\" title=\"2026-04-05T16:46:52Z\">Dimanche 5 avril 2026<\/abbr><span class=\"sep\">, <\/span><span class=\"auteurs\">par <span class=\"vcard author\"><a class=\"url fn spip_in\" href=\"https:\/\/www.autrefutur.net\/?_AutreFutur,1_\">AutreFutur<\/a><\/span><\/span><\/p>\n<\/div>\n<div class=\"crayon article-texte-1305 texte surlignable clearfix\">\n<p style=\"text-align: justify;\">Lorsque \u00e0 peine \u00e9lu, Donald Trump, sous l\u2019\u0153il ravi de Benyamin Netanyahou, annonce, entre autres joyeuset\u00e9s, que la bande de Gaza sera administr\u00e9e par les \u00c9tats-Unis et transform\u00e9e en \u00ab\u00a0Riviera du Moyen-Orient\u00a0\u00bb et que ses habitants se verront offrir de bien meilleures maisons dans les pays voisins, ses d\u00e9clarations ont \u00e9t\u00e9 accueillies par un concert, justifi\u00e9, de protestations. Un tel projet n\u2019\u00e9tait ni plus ni moins qu\u2019une entreprise de nettoyage ethnique, consid\u00e9r\u00e9 par le droit international comme un crime contre l\u2019humanit\u00e9. <br class=\"autobr\" \/>Certes.<\/p>\n<p style=\"text-align: justify;\">Mais c\u2019\u00e9tait oublier un peu vite que la cr\u00e9ation de l\u2019\u00c9tat d\u2019Isra\u00ebl, en mai 1948, proc\u00e9dait exactement de la m\u00eame logique. A cet \u00e9gard, un retour en arri\u00e8re sur les faits historiques ayant amen\u00e9 \u00e0 la cr\u00e9ation de cet \u00c9tat appara\u00eet comme indispensable. <br class=\"autobr\" \/>Sinon, pour ne pas contrevenir \u00e0 la doxa m\u00e9diatique il faudrait admettre que\u00a0:<br class=\"autobr\" \/>1\u00a0: l\u2019\u00c9tat d\u2019Isra\u00ebl est un \u00c9tat comme les autres.<br class=\"autobr\" \/>2\u00a0: Ceux qui ne partagent pas cette opinion sont des antis\u00e9mites.<\/p>\n<p style=\"text-align: justify;\">Car il y a une constante des d\u00e9bats sur le sujet\u00a0: ceux-ci sont tellement pollu\u00e9s de consid\u00e9rations passionnelles qu\u2019ils n\u2019ont plus grand chose de rationnel. Un simple rappel historique des faits suffirait pourtant \u00e0 remettre les \u00e9l\u00e9ments dans un tout autre contexte, \u00e0 construire l\u2019argumentation sur des bases plus solides. Sans un d\u00e9tour par l\u2019Histoire, celle de la lente construction puis de la proclamation de l\u2019\u00c9tat d\u2019Isra\u00ebl, on se condamne \u00e0 ne ressasser que des clich\u00e9s approximatifs, \u00e0 opposer une opinion mal inform\u00e9e \u00e0 une autre qui l\u2019est tout autant.<\/p>\n<p style=\"text-align: justify;\">Comment \u00e9voquer la brutalit\u00e9 d\u2019une arm\u00e9e d\u2019occupation, le carnage dans la bande de Gaza qui a tous les traits d\u2019une entreprise g\u00e9nocidaire\u00a0? Comment expliquer l\u2019indiff\u00e9rence t\u00eatue des uns et la rage des autres\u00a0? Comment expliquer le massacre du 7 octobre 2023 commis par le Hamas et ses alli\u00e9s\u00a0? Comment rendre compte de l\u2019arrogance triomphante des politiciens isra\u00e9liens de droite comme de \u00ab\u00a0gauche\u00a0\u00bb, et la r\u00e9sistance acharn\u00e9e d\u2019un petit peuple martyr, r\u00e9sistance qui peut aussi se traduire par des crimes de guerre, comme le massacre du 7 octobre\u00a0? Comment parler de tout cela sans prendre en consid\u00e9ration le poids terrible de l\u2019Histoire, l\u2019encha\u00eenement dramatique qui a conduit \u00e0 ce que l\u2019on appelle, en novlangue journalistique \u00ab\u00a0le conflit isra\u00e9lo-palestinien\u00a0\u00bb\u00a0? <br class=\"autobr\" \/>Car ce petit bout de terre, confetti oubli\u00e9 de l\u2019empire ottoman \u00e0 la fin du XIX\u00e8 si\u00e8cle, va se retrouver, sans que sa population, essentiellement rurale, l\u2019ait aucunement voulu, au centre des grands bouleversements de l\u2019\u00e8re industrielle. Que d\u2019app\u00e9tits la Palestine va-t-elle d\u00e9cha\u00eener\u00a0! <br class=\"autobr\" \/>Que d\u2019entrechats, messeigneurs\u00a0!<\/p>\n<p style=\"text-align: justify;\">Calculs sordides des imp\u00e9rialismes, int\u00e9r\u00eats g\u00e9ostrat\u00e9giques, mythologie ethnique, antis\u00e9mitisme europ\u00e9en, \u00e9veil des nationalismes, rien ne sera \u00e9pargn\u00e9 aux villages paysans de Palestine, \u00e0 ses bourgades commer\u00e7antes au charme d\u00e9suet d\u2019un Orient assoupi.<br class=\"autobr\" \/>Et puisque les sionistes invoquent \u00e0 tout bout de champ leur pr\u00e9sence ancienne sur cette terre, quand ce n\u2019est pas la Bible (confondant ainsi all\u00e8grement mythe et Histoire) effectuons un rapide survol de cette histoire de la Palestine, et nous verrons que les probl\u00e8mes ne font que s\u2019accumuler. <br class=\"autobr\" \/>L\u2019Histoire du peuple h\u00e9breu dans l\u2019Antiquit\u00e9 semble d\u00e9buter vers 1900 avant J.C., et, comme pour tous les peuples du monde elle est pleine de bruit et de fureur. Guerres entre peuples, entre tribus, d\u00e9portations, esclavage. L\u2019ind\u00e9pendance du royaume h\u00e9breu ne dure qu\u2019un temps, et comme les autres peuples de la M\u00e9diterran\u00e9e, les H\u00e9breux conna\u00eetront la domination grecque puis romaine. En 135 apr\u00e8s J.C, les Romains \u00e9crasent la derni\u00e8re r\u00e9volte juive, et pourtant la diaspora juive a commenc\u00e9 bien avant J\u00e9sus Christ, puisqu\u2019on retrouve des juifs dans tout le pourtour de la M\u00e9diterran\u00e9e, et qu\u2019un si\u00e8cle avant J\u00e9sus Christ, ils constituaient d\u00e9j\u00e0 un tiers de la population d\u2019Alexandrie. De la m\u00eame fa\u00e7on, tous les juifs n\u2019ont pas \u00e9t\u00e9 expuls\u00e9s de Palestine par les Romains, m\u00eame apr\u00e8s la r\u00e9volte de 132-135. Puis la Palestine se christianise en partie, comme de nombreuses contr\u00e9es du Moyen-Orient. Au VII\u00e8me si\u00e8cle apr\u00e8s JC, les Arabes conqui\u00e8rent la Palestine. On assiste ensuite aux croisades, destin\u00e9es \u00e0 \u00ab\u00a0lib\u00e9rer la Terre sainte et J\u00e9rusalem.\u00a0\u00bb Des juifs venus d\u2019Europe, notamment apr\u00e8s l\u2019expulsion des juifs d\u2019Espagne en 1492, continuent de s\u2019y installer en petit nombre. <br class=\"autobr\" \/>En 1516, la Palestine est conquise par les Ottomans, et va d\u00e9sormais faire partie, pendant quatre si\u00e8cles, des provinces arabes de l\u2019empire. <br class=\"autobr\" \/>Sous la conduite de Mohamed Ali, les Arabes se r\u00e9voltent une premi\u00e8re fois contre les Ottomans, et les Anglais songent d\u00e9j\u00e0, vers 1840, \u00e0 instaurer en Palestine un royaume juif dont ils seraient les protecteurs. (Bonaparte avait eu la m\u00eame id\u00e9e en 1799 lors de l\u2019exp\u00e9dition d\u2019Egypte.)<\/p>\n<p style=\"text-align: justify;\">La pr\u00e9histoire de l\u2019Etat d\u2019Isra\u00ebl, puis son histoire proprement dite, se trouvent ainsi inscrites \u00e0 la conjonction de plusieurs mouvements historiques, dont vont faire les frais un petit peuple qui n\u2019en demandait pas tant\u00a0: les Palestiniens de toute confession\u00a0: juive, chr\u00e9tienne et musulmane.<\/p>\n<p style=\"text-align: justify;\">Sans remonter aux temps bibliques, l\u2019histoire de la Palestine est celle de ce qu\u2019on appelait au XIX\u00e8 si\u00e8cle la \u00ab\u00a0question d\u2019Orient.\u00a0\u00bb Cette fameuse question d\u2019Orient se r\u00e9duit en fait au d\u00e9pe\u00e7age de l\u2019homme malade de l\u2019Europe, l\u2019empire ottoman, par les puissances imp\u00e9rialistes europ\u00e9ennes, \u00e0 savoir l\u2019Angleterre et la France. D\u2019abord pris en otage par l\u2019imp\u00e9rialisme anglais, les juifs, eux, vont peu \u00e0 peu, dans le cadre de la constitution des Etats-nation, jouer leur jeu personnel dans cette affaire, ce que nous examinerons plus loin.<br class=\"autobr\" \/>En 1884, l\u2019Angleterre occupe l\u2019Egypte, et dans le cadre de la rivalit\u00e9 franco-anglaise, il y a n\u00e9cessit\u00e9 pour elle d\u2019assurer la s\u00e9curit\u00e9 de la route des Indes, et la cr\u00e9ation d\u2019un royaume juif en Palestine, r\u00e9clam\u00e9e par les amants de Sion, semble un pr\u00e9texte tout trouv\u00e9 pour intervenir dans la r\u00e9gion. Arrive la Premi\u00e8re guerre mondiale, o\u00f9 l\u2019empire ottoman est alli\u00e9 de l\u2019Allemagne et o\u00f9 l\u2019Angleterre songe d\u00e9j\u00e0 \u00e0 l\u2019apr\u00e8s-guerre, et \u00e0 la n\u00e9cessit\u00e9 pour elle de lutter contre l\u2019influence de la France.<\/p>\n<p style=\"text-align: justify;\">C\u2019est dans ce cadre, et uniquement dans ce cadre, que les Britanniques publient en octobre 1917 la c\u00e9l\u00e8bre d\u00e9claration Balfour, recommandant l\u2019instauration en Palestine d\u2019un foyer national pour les Juifs. Les Anglais se moquent \u00e9perdument du sort des juifs europ\u00e9ens, seule compte pour eux la protection du canal de Suez et leur influence strat\u00e9gique dans la r\u00e9gion. Ils promettent aux juifs un \u00ab\u00a0foyer national\u00a0\u00bb comme ils ont promis aux Arabes la constitution d\u2019un grand royaume uni, d\u00e9barrass\u00e9 du joug ottoman. La perfide Albion n\u2019a que son int\u00e9r\u00eat en t\u00eate. <br class=\"autobr\" \/>Apr\u00e8s la d\u00e9faite de la Turquie, alli\u00e9e de l\u2019Allemagne pendant la Premi\u00e8re guerre\u00a0mondiale, le trait\u00e9 de paix sign\u00e9 \u00e0 S\u00e8vres le 10 ao\u00fbt 1920 entre la Turquie et la Grande-Bretagne pr\u00e9voit un mandat de cette derni\u00e8re sur la Palestine. Cette disposition est confirm\u00e9e le 24 juillet 1922 par la Soci\u00e9t\u00e9 des Nations, l\u2019anc\u00eatre de l\u2019ONU. Ce mandat confie explicitement aux Britanniques la t\u00e2che de favoriser en Palestine la cr\u00e9ation d\u2019un \u00ab\u00a0foyer national juif\u00a0\u00bb tel qu\u2019il \u00e9tait pr\u00e9vu par la d\u00e9claration Balfour de 1917.<\/p>\n<p style=\"text-align: justify;\">Mais les manipulateurs sont eux-m\u00eames manipul\u00e9s. <br class=\"autobr\" \/>Car il se passe des choses en Europe, dans le monde juif. <br class=\"autobr\" \/>Victimes de pogroms en Russie dans les ann\u00e9es 1880, les juifs r\u00e9agissent \u00e0 la fois en termes de classe, avec, en 1897 la cr\u00e9ation du Bund, un mouvement juif, socialiste et r\u00e9volutionnaire, et par le sionisme, qui vise \u00e0 la cr\u00e9ation d\u2019un Etat juif en Palestine, m\u00eame si les solutions de l\u2019Ouganda et de l\u2019Argentine ont \u00e9t\u00e9 longuement \u00e9voqu\u00e9es. En r\u00e9alit\u00e9, \u00e0 ces incessantes pers\u00e9cutions,\u00a0il existe bien d\u2019autres r\u00e9ponses chez les juifs\u00a0: religieuses, nationales, int\u00e9grationnistes, r\u00e9ponses qu\u2019il serait trop long d\u2019\u00e9voquer ici. Remarquons toutefois que le sionisme proprement dit, dont on peut situer la naissance institutionnelle en ao\u00fbt 1897 au congr\u00e8s de B\u00e2le, est rest\u00e9, jusqu\u2019en 1945, ultra-minoritaire chez les juifs d\u2019Europe (et quasiment inexistant chez les juifs orientaux.) Les sionistes \u00e9taient en g\u00e9n\u00e9ral tenus pour de dangereux illumin\u00e9s, et m\u00eame, par le Bund, pour des r\u00e9actionnaires bourgeois, partisans d\u2019un nationalisme d\u00e9mobilisateur, car d\u00e9tournant les masses juives prol\u00e9taires de leur v\u00e9ritable combat, aux c\u00f4t\u00e9s des autres fractions de la classe ouvri\u00e8re. Il existe d\u2019ailleurs des textes du Bund extr\u00eamement clairs \u00e0 ce sujet\u00a0: \u00ab\u00a0Le congr\u00e8s [du Bund] consid\u00e8re le sionisme comme une r\u00e9action de la classe bourgeoise contre l\u2019antis\u00e9mitisme et la situation anormale du peuple juif. Le sionisme politique \u00e9rigeant pour but la cr\u00e9ation d\u2019un territoire pour le peuple juif ne peut pr\u00e9tendre r\u00e9soudre la question juive ni satisfaire le peuple dans son ensemble et demeure une utopie irr\u00e9alisable. Le congr\u00e8s estime que l\u2019agitation sioniste est un frein au d\u00e9veloppement de la conscience de classe. Que ce soit dans les organisations \u00e9conomiques (caisses de secours mutuel du Bund) ou politiques, il ne faut pas admettre les sionistes.\u00a0\u00bb<br class=\"autobr\" \/>En 1905, on pouvait lire un texte pr\u00e9monitoire du Bund\u00a0: \u00ab\u00a0ceux qui devraient \u00eatre expropri\u00e9s ne se laisseront sans doute pas faire les bras crois\u00e9s. Le capitalisme en Eretz Isra\u00ebl ne pr\u00e9f\u00e9rerait-il pas la force de travail arabe, bon march\u00e9\u00a0? Est-ce que les sionistes socialistes penseraient \u00e9tablir une zone d\u2019implantation sp\u00e9ciale pour les b\u00e9douins et promulguer des lois d\u2019exception contre les travailleurs migrants non juifs\u00a0?\u00a0\u00bb\u00a0<br class=\"autobr\" \/>Le sionisme n\u2019est rien d\u2019autre que l\u2019\u00e9mergence d\u2019un nationalisme juif, \u00e0 l\u2019\u00e9poque o\u00f9 d\u2019autres nationalismes \u00e9mergent, au sein de l\u2019empire austro-hongrois et au sein de l\u2019empire ottoman. A ce titre, et aux yeux des nationalistes, il pourrait para\u00eetre l\u00e9gitime. Le seul probl\u00e8me, c\u2019est que d\u00e9pourvu d\u2019un territoire propre, historique, qui est ce qui fonde en grande partie l\u2019existence d\u2019un \u00ab\u00a0peuple\u00a0\u00bb, cette constitution d\u2019un \u00ab\u00a0peuple\u00a0\u00bb juif, ne peut se faire que sur la terre d\u2019un autre \u00ab\u00a0peuple\u00a0\u00bb, qu\u2019on va bien entendu nier. Le terrain est pr\u00eat pour le croisement monstrueux du nationalisme et du colonialisme. <br class=\"autobr\" \/>Car \u00e0 l\u2019\u00e9poque, le vocable \u00ab\u00a0colonial\u00a0\u00bb n\u2019a pas encore acquis le caract\u00e8re p\u00e9joratif qu\u2019il a aujourd\u2019hui, et les sionistes ne se privent pas de l\u2019utiliser abondamment. On trouve d\u2019innombrables textes o\u00f9 les sionistes de l\u2019\u00e9poque utilisent toute la rh\u00e9torique occidentale de la \u00ab\u00a0civilisation\u00a0\u00bb et des \u00ab\u00a0lumi\u00e8res\u00a0\u00bb apport\u00e9es aux peuples barbares plong\u00e9s dans l\u2019obscurantisme. Les sionistes socialistes, par exemple, en feront grand usage. <br class=\"autobr\" \/>Pourtant, le projet est lent \u00e0 d\u00e9marrer. Entre 1882 et 1914, \u00e9poque des pires pogroms en Europe orientale, deux millions et demi de juifs ont quitt\u00e9 la r\u00e9gion, mais 61 OOO seulement ont choisi d\u2019aller s\u2019installer en Palestine. Les autres ont pr\u00e9f\u00e9r\u00e9 les Etats-Unis ou l\u2019Europe occidentale.<\/p>\n<p style=\"text-align: justify;\">Lorsque ces dizaines de milliers de juifs europ\u00e9ens s\u2019installent en Palestine, avant 1914, ils trouvent d\u2019ailleurs sur place des juifs. Des juifs palestiniens, et Ilan Hal\u00e9vi parle m\u00eame \u00e0 leur propos de juifs arabes. Ceux-l\u00e0 portent le turban, parlent l\u2019arabe, mangent des olives et du houmous. Ce sont des Palestiniens de confession juive comme il y a des Palestiniens de confession chr\u00e9tienne ou musulmane. Tous vivent en bonne entente. S\u2019il y a des frictions entre communaut\u00e9s, et il y en a toujours eu au Moyen Orient, rien d\u2019approchant \u00e0 l\u2019antis\u00e9mitisme europ\u00e9en n\u2019existe l\u00e0-bas. D\u2019ailleurs, les premiers immigrants sont per\u00e7us par la population comme des religieux, ils le sont d\u2019ailleurs souvent, et n\u2019\u00e9veillent pas d\u2019hostilit\u00e9. Celle-ci ne commence que lorsque les colonies juives, se multipliant, surtout apr\u00e8s la Premi\u00e8re guerre mondiale, deviennent \u00ab\u00a0exclusivistes\u00a0\u00bb, rejetant le travail arabe, voire tout contact avec les Arabes. Pour les sionistes, l\u2019Autre n\u2019existe pas, les habitants ne sont vus que comme un \u00e9l\u00e9ment du paysage, un \u00e9l\u00e9ment aga\u00e7ant que l\u2019on peut \u00e9carter d\u2019un trait de plume ou\u2026 d\u2019un coup de fusil. L\u2019id\u00e9ologie sioniste se fonde sur un mythe meurtrier\u00a0: \u00ab\u00a0une terre sans peuple pour un peuple sans terre.\u00a0\u00bb Les terres achet\u00e9es par le Fonds national juif le sont toujours avec la clause \u00ab\u00a0vide de ses habitants.\u00a0\u00bb Les premiers villageois arabes commencent \u00e0 \u00eatre chass\u00e9s de terres achet\u00e9es \u00e0 des grands propri\u00e9taires absent\u00e9istes d\u2019Alexandrie, de Beyrouth ou du Caire. Lotfallah Soliman rapporte par exemple l\u2019achat, en 1920, des 24000 hectares appartenant \u00e0 une famille libanaise. La clause \u00ab\u00a0vide de ses habitants\u00a0\u00bb entra\u00eene l\u2019expulsion d\u2019une vingtaine de villages et de 1700 familles. <br class=\"autobr\" \/>A partir de 1920, les Arabes commencent \u00e0 se r\u00e9volter contre le colonialisme sioniste. Cette r\u00e9volte, si elle a pu prendre des aspects religieux, \u00e9tait surtout une r\u00e9volte populaire contre la colonisation. A aucun moment les Arabes n\u2019avaient per\u00e7u les juifs comme un peuple ou une ethnie, mais seulement comme des gens d\u2019une autre religion. Ce sont les sionistes qui vont introduire la notion de \u00ab\u00a0peuple\u00a0\u00bb notion qu\u2019ils ne partageaient qu\u2019avec le Bund, d\u2019ailleurs, puisque la plupart des juifs d\u2019Europe occidentale se vivaient comme des citoyens des pays o\u00f9 ils vivaient (ou des sujets de leur empereur, dans l\u2019empire des Habsbourg). Donc, que les milieux traditionalistes musulmans aient saisi l\u2019occasion de se manifester face \u00e0 la colonisation juive, servait AUSSI \u00e0 contrecarrer la naissance d\u2019une pens\u00e9e critique chez les intellectuels arabes et la difficile la\u00efcisation de leur soci\u00e9t\u00e9.<\/p>\n<p style=\"text-align: justify;\">En mai 1936, \u00e9clate une grande r\u00e9volte contre les Britanniques et leurs prot\u00e9g\u00e9s sionistes. La r\u00e9pression est f\u00e9roce, et les Britanniques distribuent des armes aux milices juives. Les troubles se poursuivent, s\u2019intensifient, et en octobre 1938, les Anglais utilisent l\u2019artillerie et l\u2019aviation contre les insurg\u00e9s, faisant entre 5000 et 15000 morts. Encore une fois, les sionistes mentent en racontant qu\u2019ils ont men\u00e9 les premiers une guerre de lib\u00e9ration contre les Britanniques\u00a0: les Arabes les avaient pr\u00e9c\u00e9d\u00e9s avant la Deuxi\u00e8me guerre mondiale. <br class=\"autobr\" \/>En 1939, les notables arabes parviennent \u00e0 frustrer de leur lutte les masses arabes et arrachent aux Britanniques un Livre blanc qui pr\u00f4ne un seul Etat en Palestine o\u00f9 coexisteraient juifs et Arabes, et qui r\u00e9clame un encadrement beaucoup plus strict de l\u2019immigration juive. <br class=\"autobr\" \/>Le sionisme, d\u00e8s le d\u00e9but, n\u2019a qu\u2019une id\u00e9e\u00a0: cr\u00e9er un Etat juif en Palestine. Quitte \u00e0 laisser crever les Juifs d\u2019Europe s\u2019ils ne servent pas \u00e0 l\u2019\u00e9dification de leur Etat. Ayant besoin d\u2019argent, il n\u00e9gocie avec Hitler le d\u00e9part vers la Palestine des seuls juifs allemands riches. Le d\u00e9nomm\u00e9 Itzhak Shamir, futur Premier ministre isra\u00e9lien, n\u00e9gociera avec les nazis jusque pendant la guerre.<br class=\"autobr\" \/>En 1938, la conf\u00e9rence d\u2019Evian, destin\u00e9e en principe \u00e0 sauver les juifs menac\u00e9s par le nazisme, est sabot\u00e9e par les sionistes, qui font pression sur les Etats-Unis et l\u2019Angleterre pour qu\u2019ils n\u2019accueillent pas les juifs chez eux. Une seule solution\u00a0: La Palestine\u00a0!<br class=\"autobr\" \/>En 1942, la tendance Ben Gourion s\u2019impose face \u00e0 Cha\u00efm Weitzman, l\u2019anglophile. Ben Gourion a compris que les Etats-Unis allaient \u00eatre les grands vainqueurs de la guerre. Le sionisme va changer de protecteur. Cela tombe bien pour les Etats-Unis, qui cherchent justement \u00e0 \u00e9vincer la Grande-Bretagne. <br class=\"autobr\" \/>Comme Al-Qaida ou les talibans se retournent contre leurs ma\u00eetres et cr\u00e9ateurs, le pit-bull sioniste se retourne contre son protecteur britannique. Le 22 juillet 1946, l\u2019attentat contre l\u2019H\u00f4tel King David, si\u00e8ge du gouvernement britannique, fait 88 morts.<\/p>\n<p style=\"text-align: justify;\">D\u00e8s lors, les coups fourr\u00e9s diplomatiques, les chantages au probl\u00e8me des r\u00e9fugi\u00e9s, tout va \u00eatre bon aux sionistes pour obtenir la cr\u00e9ation d\u2019un Etat juif. Ils font mine d\u2019accepter un plan de partage de la Palestine tout en ayant une seule id\u00e9e en t\u00eate\u00a0: occuper toute la Palestine, du Jourdain \u00e0 la M\u00e9diterran\u00e9e. Les USA et l\u2019URSS, qui cherchent tous deux \u00e0 prendre pied dans la r\u00e9gion, veulent \u00e0 toute force \u00e9vincer l\u2019Angleterre (la France est d\u00e9j\u00e0 hors course) et le 29 novembre 1947, un plan de partage ahurissant de la Palestine est vot\u00e9 par l\u2019ONU, ahurissant car d\u00e9coupant le territoire \u00e0 la fa\u00e7on d\u2019un puzzle, et ent\u00e9rinant l\u2019id\u00e9e d\u2019un Etat juif en Palestine. D\u00e8s le lendemain, le nettoyage ethnique de la Palestine commence. Brutal. Des centaines de villages sont attaqu\u00e9s par la Hagannah, la milice sioniste, avec \u00e0 chaque fois des sc\u00e8nes atroces de carnage, de viols. Les maisons sont syst\u00e9matiquement dynamit\u00e9es, les habitants chass\u00e9s vers les pays voisins. L\u2019arm\u00e9e britannique d\u00e9tourne pudiquement les yeux. Remarquons que tout cela a commenc\u00e9 avant m\u00eame la cr\u00e9ation officielle de l\u2019Etat d\u2019Isra\u00ebl.<\/p>\n<p style=\"text-align: justify;\">Le 15 mai 1948, l\u2019Etat d\u2019Isra\u00ebl est proclam\u00e9. On conna\u00eet la suite, mais on la conna\u00eet mal. Le mythe sioniste veut faire croire au pauvre David isra\u00e9lien attaqu\u00e9 par le Goliath arabe, pensez donc\u00a0: tous les pays arabes de la r\u00e9gion\u00a0! En r\u00e9alit\u00e9, les arm\u00e9es arabes sont mal \u00e9quip\u00e9es, mal entra\u00een\u00e9es, alors que l\u2019arm\u00e9e isra\u00e9lienne est d\u00e9j\u00e0 puissante et b\u00e9n\u00e9ficie pour elle de la foi des conqu\u00e9rants. Seul handicap, elle manque d\u2019armes, mais le pont a\u00e9rien organis\u00e9 depuis la Tch\u00e9coslovaquie va rapidement y rem\u00e9dier. La seule arm\u00e9e qui aurait pu la menacer, l\u2019arm\u00e9e jordanienne, est neutralis\u00e9e par un accord secret avec le roi Abdallah\u00a0: Isra\u00ebl et la Jordanie s\u2019entendent pour se partager les d\u00e9pouilles de l\u2019Etat palestinien pr\u00e9vu par le plan de partage. Le nettoyage ethnique commenc\u00e9 d\u00e8s l\u2019annonce du plan de partage, en novembre 1947, va se poursuivre \u00e0 la faveur de la guerre, et l\u2019Etat d\u2019Isra\u00ebl va chasser 800 000 Palestiniens de leur pays, soit plus de la moiti\u00e9 de la population. Le 9 avril 1948, le massacre de Deir Yassine s\u00e8me la panique au sein d\u2019une population d\u00e9sarm\u00e9e. Plus de cinq cents villages palestiniens sont ras\u00e9s, les cimeti\u00e8res retourn\u00e9s pour qu\u2019il ne soit m\u00eame plus dit qu\u2019un jour, des Arabes ont v\u00e9cu sur cette terre.<\/p>\n<p style=\"text-align: justify;\">L\u2019Etat d\u2019Isra\u00ebl na\u00eet de l\u2019\u00e9puration ethnique. <br class=\"autobr\" \/>Jusqu\u2019en 1966, les Arabes demeur\u00e9s en Isra\u00ebl seront soumis \u00e0 l\u2019autorit\u00e9 militaire. Depuis, ils sont toujours rest\u00e9s des citoyens de seconde zone. Les autres s\u2019entassent dans des camps de r\u00e9fugi\u00e9s. Tout le monde conna\u00eet la suite\u00a0: En 1967, Isra\u00ebl attaque les pays voisins et en profite pour envahir la Cisjordanie et la bande de Gaza, sans les annexer officiellement, mais en les parsemant de colonies juives. L\u2019annexion rampante se poursuit, la soi-disant gauche, lorsqu\u2019elle est au pouvoir, multiplie les colonies de peuplement exactement de la m\u00eame fa\u00e7on que le gouvernement d\u2019extr\u00eame-droite de Benyamin Netanyahou. La population palestinienne est opprim\u00e9e, r\u00e9prim\u00e9e, r\u00e9duite \u00e0 la mis\u00e8re, pouss\u00e9e \u00e0 l\u2019exil, ses terres sont confisqu\u00e9es, ses maisons d\u00e9truites, ses enfants assassin\u00e9s. La situation actuelle est le fruit de cette longue histoire coloniale.<\/p>\n<p style=\"text-align: justify;\">La guerre permanente men\u00e9e par l\u2019Etat d\u2019Isra\u00ebl, \u00e0 Gaza, en Cisjordanie, au Liban, en Syrie, en Iran, ne peut se comprendre qu\u2019en prenant en compte l\u2019origine de cet Etat, faussement pr\u00e9sent\u00e9 comme un refuge pour les rescap\u00e9s de la Shoah, alors m\u00eame que ces rescap\u00e9s, apr\u00e8s 1945, ont \u00e9t\u00e9 plut\u00f4t mal accueillis en Isra\u00ebl et que sa cr\u00e9ation, en r\u00e9ponse \u00e0 l\u2019antis\u00e9mitisme europ\u00e9en de la fin du XIX\u00e8 si\u00e8cle, a \u00e9t\u00e9 instrumentalis\u00e9e par les imp\u00e9rialismes occidentaux.<\/p>\n<p><br class=\"manualbr\" \/><strong>La bibliographie sur la question est immense, on retiendra en particulier quelques ouvrages\u00a0:<\/strong><br class=\"autobr\" \/>Pour une histoire profane de la Palestine, de Loftallah Soliman, La D\u00e9couverte, 1989, \u00e9puis\u00e9 mais que l\u2019on peut trouver sur le march\u00e9 de l\u2019occasion.<br class=\"autobr\" \/>&#8211; Question juive, La tribu, la loi, l\u2019espace, d\u2019Ilan Hal\u00e9vi. Editions de minuit, 1981.<br class=\"autobr\" \/>&#8211; Maxime Rodinson, Peuple juif ou probl\u00e8me juif\u00a0? La D\u00e9couverte, 1981.<br class=\"autobr\" \/>&#8211; Dominque Vidal (avec Joseph Algazy), Le p\u00e9ch\u00e9 originel d\u2019Isra\u00ebl, \u00e9ditions de l\u2019Atelier, 2002.<br class=\"autobr\" \/>Ilan Papp\u00e9, Le nettoyage ethnique de la Palestine, Fayard, 2006.<br class=\"autobr\" \/>Shlomo Sand, Comment le peuple juif fut invent\u00e9, Champs, 2018.<\/p>\n<hr \/>\n<\/div>\n<p><a id=\"forum\" href=\"https:\/\/www.autrefutur.net\/?ISRAEL-naissance-d-un-etat-colonial#forum\" name=\"forum\"><\/a>Source : <a href=\"https:\/\/www.autrefutur.net\/?ISRAEL-naissance-d-un-etat-colonial\" target=\"_blank\" rel=\"noopener\">https:\/\/www.autrefutur.net\/?ISRAEL-naissance-d-un-etat-colonial<\/a><\/p>\n<\/div>\n<\/div>\n<footer class=\"footer clearfix\" role=\"contentinfo\">\n<p class=\"colophon\">2005 &#8211; 2026 AutreFutur.net<\/p>\n<\/footer>\n","protected":false},"excerpt":{"rendered":"<p>Dimanche 5 avril 2026, par AutreFutur Lorsque \u00e0 peine \u00e9lu, Donald Trump, sous l\u2019\u0153il ravi<\/p>\n","protected":false},"author":1,"featured_media":2139,"comment_status":"open","ping_status":"open","sticky":false,"template":"","format":"standard","meta":{"footnotes":""},"categories":[69,109],"tags":[144,43,66,143,46],"class_list":["post-2135","post","type-post","status-publish","format-standard","has-post-thumbnail","hentry","category-decolonisations-emancipations","category-peuples-sacrifiables","tag-etat-colonial","tag-gaza","tag-histoire","tag-israel","tag-palestine"],"_links":{"self":[{"href":"https:\/\/www.bascules.social\/index.php?rest_route=\/wp\/v2\/posts\/2135","targetHints":{"allow":["GET"]}}],"collection":[{"href":"https:\/\/www.bascules.social\/index.php?rest_route=\/wp\/v2\/posts"}],"about":[{"href":"https:\/\/www.bascules.social\/index.php?rest_route=\/wp\/v2\/types\/post"}],"author":[{"embeddable":true,"href":"https:\/\/www.bascules.social\/index.php?rest_route=\/wp\/v2\/users\/1"}],"replies":[{"embeddable":true,"href":"https:\/\/www.bascules.social\/index.php?rest_route=%2Fwp%2Fv2%2Fcomments&post=2135"}],"version-history":[{"count":4,"href":"https:\/\/www.bascules.social\/index.php?rest_route=\/wp\/v2\/posts\/2135\/revisions"}],"predecessor-version":[{"id":2140,"href":"https:\/\/www.bascules.social\/index.php?rest_route=\/wp\/v2\/posts\/2135\/revisions\/2140"}],"wp:featuredmedia":[{"embeddable":true,"href":"https:\/\/www.bascules.social\/index.php?rest_route=\/wp\/v2\/media\/2139"}],"wp:attachment":[{"href":"https:\/\/www.bascules.social\/index.php?rest_route=%2Fwp%2Fv2%2Fmedia&parent=2135"}],"wp:term":[{"taxonomy":"category","embeddable":true,"href":"https:\/\/www.bascules.social\/index.php?rest_route=%2Fwp%2Fv2%2Fcategories&post=2135"},{"taxonomy":"post_tag","embeddable":true,"href":"https:\/\/www.bascules.social\/index.php?rest_route=%2Fwp%2Fv2%2Ftags&post=2135"}],"curies":[{"name":"wp","href":"https:\/\/api.w.org\/{rel}","templated":true}]}}