{"id":2110,"date":"2026-03-31T19:45:52","date_gmt":"2026-03-31T19:45:52","guid":{"rendered":"https:\/\/www.bascules.social\/?p=2110"},"modified":"2026-03-31T19:45:52","modified_gmt":"2026-03-31T19:45:52","slug":"nord-cest-noir-entretien-a-propos-du-nouveau-livre-de-tomjo","status":"publish","type":"post","link":"https:\/\/www.bascules.social\/?p=2110","title":{"rendered":"Nord c\u2019est noir ! Entretien \u00e0 propos du nouveau livre de Tomjo"},"content":{"rendered":"<div class=\"chapo\">\n<p>Animateur du site internet chez.renart.info depuis plusieurs ann\u00e9es, Tomjo nous propose de rassembler dans ce livre plusieurs textes autour des th\u00e9matiques de l\u2019industrie betteravi\u00e8re, de l\u2019agroalimentaire et des gigafactories (usines de fabrication de batteries) qui sont parmi les grands piliers de la reconversion industrielle (pardon, Transition\u00a0!) des Hauts de France qu\u2019on nous vend depuis maintenant plus de 30 ans \u2013 au moment de la fermeture annonc\u00e9e des mines, des usines textiles et sid\u00e9rurgiques. Cet ouvrage de 200 pages oscille entre critique industrielle solidement argument\u00e9e, r\u00e9cits historiques et biographies truculents, r\u00e9quisitoire anti-tech qui n\u2019oublie pas la lutte des classes et m\u00eame livre de cuisine \u2026 vous apprendrez une recette de p\u00e2te \u00e0 pizza antitech\u00a0! L\u2019ensemble forme un rappel salutaire des ravages du capitalisme dans les terres du Nord en termes sociaux, sanitaires, environnementaux qui repose sur un travail d\u2019enqu\u00eate s\u00e9rieux men\u00e9 depuis des ann\u00e9es par l\u2019auteur. Voici quelques questions pos\u00e9es \u00e0 Tomjo pour vous donner envie de lire sa prose.<\/p>\n<\/div>\n<p>&nbsp;<\/p>\n<div class=\"texte\">\n<p><strong>1) Pourquoi avoir choisi d\u2019\u00e9crire sur la betterave, la pizza et la batterie\u00a0?<\/strong><\/p>\n<p>(&#8230;) lire lz suite sur le site source : <a href=\"https:\/\/oclibertaire.lautre.net\/spip.php?article4669\" target=\"_blank\" rel=\"noopener\">https:\/\/oclibertaire.lautre.net\/spip.php?article4669<\/a><\/p>\n<\/div>\n","protected":false},"excerpt":{"rendered":"<p>Animateur du site internet chez.renart.info depuis plusieurs ann\u00e9es, Tomjo nous propose de rassembler dans ce<\/p>\n","protected":false},"author":1,"featured_media":2112,"comment_status":"open","ping_status":"open","sticky":false,"template":"","format":"standard","meta":{"footnotes":""},"categories":[3],"tags":[142,140,141],"class_list":["post-2110","post","type-post","status-publish","format-standard","has-post-thumbnail","hentry","category-luttes-resistances","tag-ecologie-anti-inductrielle","tag-ocl","tag-tomjo"],"_links":{"self":[{"href":"https:\/\/www.bascules.social\/index.php?rest_route=\/wp\/v2\/posts\/2110","targetHints":{"allow":["GET"]}}],"collection":[{"href":"https:\/\/www.bascules.social\/index.php?rest_route=\/wp\/v2\/posts"}],"about":[{"href":"https:\/\/www.bascules.social\/index.php?rest_route=\/wp\/v2\/types\/post"}],"author":[{"embeddable":true,"href":"https:\/\/www.bascules.social\/index.php?rest_route=\/wp\/v2\/users\/1"}],"replies":[{"embeddable":true,"href":"https:\/\/www.bascules.social\/index.php?rest_route=%2Fwp%2Fv2%2Fcomments&post=2110"}],"version-history":[{"count":1,"href":"https:\/\/www.bascules.social\/index.php?rest_route=\/wp\/v2\/posts\/2110\/revisions"}],"predecessor-version":[{"id":2111,"href":"https:\/\/www.bascules.social\/index.php?rest_route=\/wp\/v2\/posts\/2110\/revisions\/2111"}],"wp:featuredmedia":[{"embeddable":true,"href":"https:\/\/www.bascules.social\/index.php?rest_route=\/wp\/v2\/media\/2112"}],"wp:attachment":[{"href":"https:\/\/www.bascules.social\/index.php?rest_route=%2Fwp%2Fv2%2Fmedia&parent=2110"}],"wp:term":[{"taxonomy":"category","embeddable":true,"href":"https:\/\/www.bascules.social\/index.php?rest_route=%2Fwp%2Fv2%2Fcategories&post=2110"},{"taxonomy":"post_tag","embeddable":true,"href":"https:\/\/www.bascules.social\/index.php?rest_route=%2Fwp%2Fv2%2Ftags&post=2110"}],"curies":[{"name":"wp","href":"https:\/\/api.w.org\/{rel}","templated":true}]}}