{"id":1974,"date":"2026-03-13T14:32:43","date_gmt":"2026-03-13T14:32:43","guid":{"rendered":"https:\/\/www.bascules.social\/?p=1974"},"modified":"2026-03-13T14:32:43","modified_gmt":"2026-03-13T14:32:43","slug":"de-la-commune-au-communalisme-paula-cossart","status":"publish","type":"post","link":"https:\/\/www.bascules.social\/?p=1974","title":{"rendered":"DE LA COMMUNE AU COMMUNALISME \u2014 Paula Cossart"},"content":{"rendered":"<p><strong>A para\u00eetre le 26 mars prochain<\/strong><\/p>\n<p>Pouvoir local, assembl\u00e9es populaires, autogouvernement\u00a0: le communalisme s\u2019impose aujourd\u2019hui dans les d\u00e9bats de la gauche radicale comme horizon d\u00e9mocratique. Ce projet d\u2019organisation politique \u00ab\u00a0par le bas\u00a0\u00bb renvoie avec constance \u00e0 une r\u00e9f\u00e9rence fondatrice, la Commune de Paris de 1871. Mod\u00e8le politique ou exp\u00e9rience inachev\u00e9e de d\u00e9mocratie populaire ? Ce texte revient sur les pratiques d\u00e9mocratiques de la Commune pour comprendre son h\u00e9ritage paradoxal et ses usages contemporains.<\/p>\n<p><strong>L&rsquo;autrice<\/strong><\/p>\n<p>Paula Cossart est ma\u00eetresse de conf\u00e9rences en sociologie \u00e0 la facult\u00e9 des sciences \u00e9conomiques, sociales et des territoires de l\u2019universit\u00e9 de Lille. Elle s\u2019est d\u2019abord int\u00e9ress\u00e9e \u00e0 la sociologie historique de la d\u00e9mocratie participative et \u00e0 la g\u00e9n\u00e9alogie des dispositifs d\u00e9lib\u00e9ratifs. Elle poursuit d\u00e9sormais \u2013 au sein du Centre d\u2019\u00e9tudes et de recherches administratives, politiques et sociales \u2013 des recherches consacr\u00e9es \u00e0 la sociologie historique du communalisme comme forme d\u2019organisation d\u00e9mocratique, ainsi qu\u2019\u00e0 l\u2019\u00e9cologie sociale envisag\u00e9e comme contribution th\u00e9orique et politique \u00e0 la r\u00e9flexion sur l\u2019interconnexion entre \u00e9cologie et d\u00e9mocratie.<\/p>\n<p><strong>Caract\u00e9ristiques :<\/strong><\/p>\n<p>10,5&#215;14,8 cm \/ 72 pages<\/p>\n<p>ISBN papier : 978-2-487978-11-9<\/p>\n<p>ISBN num\u00e9rique :\u00a0978-2-487978-15-7<\/p>\n<hr \/>\n<p>Source : <a href=\"https:\/\/www.editionsdelalanterne.com\/product-page\/la-commune-et-pouvoir-local-assembl%C3%A9es-populaires-le-communalisme-paula-cossart\" target=\"_blank\" rel=\"noopener\">https:\/\/www.editionsdelalanterne.com\/product-page\/la-commune-et-pouvoir-local-assembl%C3%A9es-populaires-le-communalisme-paula-cossart<\/a><\/p>\n","protected":false},"excerpt":{"rendered":"<p>A para\u00eetre le 26 mars prochain Pouvoir local, assembl\u00e9es populaires, autogouvernement\u00a0: le communalisme s\u2019impose aujourd\u2019hui<\/p>\n","protected":false},"author":1,"featured_media":1975,"comment_status":"open","ping_status":"open","sticky":false,"template":"","format":"standard","meta":{"footnotes":""},"categories":[12],"tags":[100,129,130],"class_list":["post-1974","post","type-post","status-publish","format-standard","has-post-thumbnail","hentry","category-penser-les-bascules","tag-communalisme","tag-commune-de-paris","tag-paula-cossart"],"_links":{"self":[{"href":"https:\/\/www.bascules.social\/index.php?rest_route=\/wp\/v2\/posts\/1974","targetHints":{"allow":["GET"]}}],"collection":[{"href":"https:\/\/www.bascules.social\/index.php?rest_route=\/wp\/v2\/posts"}],"about":[{"href":"https:\/\/www.bascules.social\/index.php?rest_route=\/wp\/v2\/types\/post"}],"author":[{"embeddable":true,"href":"https:\/\/www.bascules.social\/index.php?rest_route=\/wp\/v2\/users\/1"}],"replies":[{"embeddable":true,"href":"https:\/\/www.bascules.social\/index.php?rest_route=%2Fwp%2Fv2%2Fcomments&post=1974"}],"version-history":[{"count":1,"href":"https:\/\/www.bascules.social\/index.php?rest_route=\/wp\/v2\/posts\/1974\/revisions"}],"predecessor-version":[{"id":1976,"href":"https:\/\/www.bascules.social\/index.php?rest_route=\/wp\/v2\/posts\/1974\/revisions\/1976"}],"wp:featuredmedia":[{"embeddable":true,"href":"https:\/\/www.bascules.social\/index.php?rest_route=\/wp\/v2\/media\/1975"}],"wp:attachment":[{"href":"https:\/\/www.bascules.social\/index.php?rest_route=%2Fwp%2Fv2%2Fmedia&parent=1974"}],"wp:term":[{"taxonomy":"category","embeddable":true,"href":"https:\/\/www.bascules.social\/index.php?rest_route=%2Fwp%2Fv2%2Fcategories&post=1974"},{"taxonomy":"post_tag","embeddable":true,"href":"https:\/\/www.bascules.social\/index.php?rest_route=%2Fwp%2Fv2%2Ftags&post=1974"}],"curies":[{"name":"wp","href":"https:\/\/api.w.org\/{rel}","templated":true}]}}