{"id":120,"date":"1994-06-10T14:00:39","date_gmt":"1994-06-10T14:00:39","guid":{"rendered":"https:\/\/www.bascules.social\/?p=120"},"modified":"2025-11-19T17:13:59","modified_gmt":"2025-11-19T17:13:59","slug":"deuxieme-declaration-de-la-foret-lacandone","status":"publish","type":"post","link":"https:\/\/www.bascules.social\/?p=120","title":{"rendered":"DEUXI\u00c8ME D\u00c9CLARATION DE LA FOR\u00caT LACANDONE"},"content":{"rendered":"<blockquote class=\"wp-embedded-content\" data-secret=\"yShzJc1f8a\"><p><a href=\"https:\/\/enlacezapatista.ezln.org.mx\/1994\/06\/10\/segunda-declaracion-de-la-selva-lacandona\/\">SEGUNDA DECLARACI\u00d3N DE LA SELVA LACANDONA<\/a><\/p><\/blockquote>\n<p><iframe class=\"wp-embedded-content\" sandbox=\"allow-scripts\" security=\"restricted\" style=\"position: absolute; visibility: hidden;\" title=\"\u00abSEGUNDA DECLARACI\u00d3N DE LA SELVA LACANDONA\u00bb \u2014 Enlace Zapatista\" src=\"https:\/\/enlacezapatista.ezln.org.mx\/1994\/06\/10\/segunda-declaracion-de-la-selva-lacandona\/embed\/#?secret=AeKTkeBn5i#?secret=yShzJc1f8a\" data-secret=\"yShzJc1f8a\" width=\"600\" height=\"338\" frameborder=\"0\" marginwidth=\"0\" marginheight=\"0\" scrolling=\"no\"><\/iframe><\/p>\n","protected":false},"excerpt":{"rendered":"<p>SEGUNDA DECLARACI\u00d3N DE LA SELVA LACANDONA<\/p>\n","protected":false},"author":1,"featured_media":122,"comment_status":"open","ping_status":"open","sticky":false,"template":"","format":"standard","meta":{"footnotes":""},"categories":[3],"tags":[35,36,33,34],"class_list":["post-120","post","type-post","status-publish","format-standard","has-post-thumbnail","hentry","category-luttes-resistances","tag-chiapas","tag-declaration","tag-ezln","tag-zapatistes"],"_links":{"self":[{"href":"https:\/\/www.bascules.social\/index.php?rest_route=\/wp\/v2\/posts\/120","targetHints":{"allow":["GET"]}}],"collection":[{"href":"https:\/\/www.bascules.social\/index.php?rest_route=\/wp\/v2\/posts"}],"about":[{"href":"https:\/\/www.bascules.social\/index.php?rest_route=\/wp\/v2\/types\/post"}],"author":[{"embeddable":true,"href":"https:\/\/www.bascules.social\/index.php?rest_route=\/wp\/v2\/users\/1"}],"replies":[{"embeddable":true,"href":"https:\/\/www.bascules.social\/index.php?rest_route=%2Fwp%2Fv2%2Fcomments&post=120"}],"version-history":[{"count":2,"href":"https:\/\/www.bascules.social\/index.php?rest_route=\/wp\/v2\/posts\/120\/revisions"}],"predecessor-version":[{"id":123,"href":"https:\/\/www.bascules.social\/index.php?rest_route=\/wp\/v2\/posts\/120\/revisions\/123"}],"wp:featuredmedia":[{"embeddable":true,"href":"https:\/\/www.bascules.social\/index.php?rest_route=\/wp\/v2\/media\/122"}],"wp:attachment":[{"href":"https:\/\/www.bascules.social\/index.php?rest_route=%2Fwp%2Fv2%2Fmedia&parent=120"}],"wp:term":[{"taxonomy":"category","embeddable":true,"href":"https:\/\/www.bascules.social\/index.php?rest_route=%2Fwp%2Fv2%2Fcategories&post=120"},{"taxonomy":"post_tag","embeddable":true,"href":"https:\/\/www.bascules.social\/index.php?rest_route=%2Fwp%2Fv2%2Ftags&post=120"}],"curies":[{"name":"wp","href":"https:\/\/api.w.org\/{rel}","templated":true}]}}