{"id":114,"date":"1994-01-01T14:00:32","date_gmt":"1994-01-01T14:00:32","guid":{"rendered":"https:\/\/www.bascules.social\/?p=114"},"modified":"2025-11-19T17:14:08","modified_gmt":"2025-11-19T17:14:08","slug":"premiere-declaration-de-la-jungle-lacandone","status":"publish","type":"post","link":"https:\/\/www.bascules.social\/?p=114","title":{"rendered":"PREMI\u00c8RE D\u00c9CLARATION DE LA FOR\u00caT LACANDONE"},"content":{"rendered":"<blockquote class=\"wp-embedded-content\" data-secret=\"lPVOczjQzE\"><p><a href=\"https:\/\/enlacezapatista.ezln.org.mx\/1994\/01\/01\/primera-declaracion-de-la-selva-lacandona\/\">PRIMERA DECLARACI\u00d3N DE LA SELVA LACANDONA<\/a><\/p><\/blockquote>\n<p><iframe class=\"wp-embedded-content\" sandbox=\"allow-scripts\" security=\"restricted\" style=\"position: absolute; visibility: hidden;\" title=\"\u00abPRIMERA DECLARACI\u00d3N DE LA SELVA LACANDONA\u00bb \u2014 Enlace Zapatista\" src=\"https:\/\/enlacezapatista.ezln.org.mx\/1994\/01\/01\/primera-declaracion-de-la-selva-lacandona\/embed\/#?secret=wRJb0GSyLK#?secret=lPVOczjQzE\" data-secret=\"lPVOczjQzE\" width=\"600\" height=\"338\" frameborder=\"0\" marginwidth=\"0\" marginheight=\"0\" scrolling=\"no\"><\/iframe><\/p>\n","protected":false},"excerpt":{"rendered":"<p>PRIMERA DECLARACI\u00d3N DE LA SELVA LACANDONA<\/p>\n","protected":false},"author":1,"featured_media":119,"comment_status":"open","ping_status":"open","sticky":false,"template":"","format":"standard","meta":{"footnotes":""},"categories":[3],"tags":[35,36,33,34],"class_list":["post-114","post","type-post","status-publish","format-standard","has-post-thumbnail","hentry","category-luttes-resistances","tag-chiapas","tag-declaration","tag-ezln","tag-zapatistes"],"_links":{"self":[{"href":"https:\/\/www.bascules.social\/index.php?rest_route=\/wp\/v2\/posts\/114","targetHints":{"allow":["GET"]}}],"collection":[{"href":"https:\/\/www.bascules.social\/index.php?rest_route=\/wp\/v2\/posts"}],"about":[{"href":"https:\/\/www.bascules.social\/index.php?rest_route=\/wp\/v2\/types\/post"}],"author":[{"embeddable":true,"href":"https:\/\/www.bascules.social\/index.php?rest_route=\/wp\/v2\/users\/1"}],"replies":[{"embeddable":true,"href":"https:\/\/www.bascules.social\/index.php?rest_route=%2Fwp%2Fv2%2Fcomments&post=114"}],"version-history":[{"count":5,"href":"https:\/\/www.bascules.social\/index.php?rest_route=\/wp\/v2\/posts\/114\/revisions"}],"predecessor-version":[{"id":124,"href":"https:\/\/www.bascules.social\/index.php?rest_route=\/wp\/v2\/posts\/114\/revisions\/124"}],"wp:featuredmedia":[{"embeddable":true,"href":"https:\/\/www.bascules.social\/index.php?rest_route=\/wp\/v2\/media\/119"}],"wp:attachment":[{"href":"https:\/\/www.bascules.social\/index.php?rest_route=%2Fwp%2Fv2%2Fmedia&parent=114"}],"wp:term":[{"taxonomy":"category","embeddable":true,"href":"https:\/\/www.bascules.social\/index.php?rest_route=%2Fwp%2Fv2%2Fcategories&post=114"},{"taxonomy":"post_tag","embeddable":true,"href":"https:\/\/www.bascules.social\/index.php?rest_route=%2Fwp%2Fv2%2Ftags&post=114"}],"curies":[{"name":"wp","href":"https:\/\/api.w.org\/{rel}","templated":true}]}}