{"id":1122,"date":"2026-01-24T22:54:21","date_gmt":"2026-01-24T22:54:21","guid":{"rendered":"https:\/\/www.bascules.social\/?p=1122"},"modified":"2026-01-24T22:54:21","modified_gmt":"2026-01-24T22:54:21","slug":"la-question-kurde-et-la-question-nationale-etat-nation-ou-etat-de-citoyennete","status":"publish","type":"post","link":"https:\/\/www.bascules.social\/?p=1122","title":{"rendered":"La question kurde et la question nationale : \u00c9tat-nation ou \u00c9tat de citoyennet\u00e9 ?"},"content":{"rendered":"<p style=\"text-align: justify;\" data-start=\"128\" data-end=\"482\">La question kurde est souvent r\u00e9duite \u00e0 une revendication nationale classique, comme s\u2019il s\u2019agissait simplement de cr\u00e9er un \u00c9tat de plus sur les ruines des autres. Cet article propose au contraire de d\u00e9placer le regard : et si l\u2019enjeu n\u2019\u00e9tait pas l\u2019\u00c9tat-nation, mais la citoyennet\u00e9, l\u2019\u00e9galit\u00e9 des droits et des formes politiques r\u00e9ellement inclusives ?<\/p>\n<p style=\"text-align: justify;\" data-start=\"489\" data-end=\"744\">\u00c0 partir de l\u2019histoire kurde et des exp\u00e9riences r\u00e9centes au Moyen-Orient, le texte interroge nos imaginaires politiques et ouvre des pistes pour penser l\u2019autonomie, le pluralisme et la d\u00e9mocratie au-del\u00e0 du mod\u00e8le \u00e9tatique dominant.<\/p>\n<p data-start=\"489\" data-end=\"744\">Une lecture pr\u00e9cieuse ici : -&gt; <a href=\"https:\/\/libcom.org\/article\/la-question-kurde-et-la-question-nationale-etat-nation-ou-etat-de-citoyennete\" target=\"_blank\" rel=\"noopener\">https:\/\/libcom.org\/article\/la-question-kurde-et-la-question-nationale-etat-nation-ou-etat-de-citoyennete<\/a><\/p>\n","protected":false},"excerpt":{"rendered":"<p>La question kurde est souvent r\u00e9duite \u00e0 une revendication nationale classique, comme s\u2019il s\u2019agissait simplement<\/p>\n","protected":false},"author":1,"featured_media":1124,"comment_status":"open","ping_status":"open","sticky":false,"template":"","format":"standard","meta":{"footnotes":""},"categories":[12],"tags":[57,92,83,95,93,94,91],"class_list":["post-1122","post","type-post","status-publish","format-standard","has-post-thumbnail","hentry","category-penser-les-bascules","tag-autonomie","tag-confederalisme-democratique","tag-democratie-directe","tag-etat-nation","tag-liberte","tag-resistance","tag-rojava"],"_links":{"self":[{"href":"https:\/\/www.bascules.social\/index.php?rest_route=\/wp\/v2\/posts\/1122","targetHints":{"allow":["GET"]}}],"collection":[{"href":"https:\/\/www.bascules.social\/index.php?rest_route=\/wp\/v2\/posts"}],"about":[{"href":"https:\/\/www.bascules.social\/index.php?rest_route=\/wp\/v2\/types\/post"}],"author":[{"embeddable":true,"href":"https:\/\/www.bascules.social\/index.php?rest_route=\/wp\/v2\/users\/1"}],"replies":[{"embeddable":true,"href":"https:\/\/www.bascules.social\/index.php?rest_route=%2Fwp%2Fv2%2Fcomments&post=1122"}],"version-history":[{"count":4,"href":"https:\/\/www.bascules.social\/index.php?rest_route=\/wp\/v2\/posts\/1122\/revisions"}],"predecessor-version":[{"id":1127,"href":"https:\/\/www.bascules.social\/index.php?rest_route=\/wp\/v2\/posts\/1122\/revisions\/1127"}],"wp:featuredmedia":[{"embeddable":true,"href":"https:\/\/www.bascules.social\/index.php?rest_route=\/wp\/v2\/media\/1124"}],"wp:attachment":[{"href":"https:\/\/www.bascules.social\/index.php?rest_route=%2Fwp%2Fv2%2Fmedia&parent=1122"}],"wp:term":[{"taxonomy":"category","embeddable":true,"href":"https:\/\/www.bascules.social\/index.php?rest_route=%2Fwp%2Fv2%2Fcategories&post=1122"},{"taxonomy":"post_tag","embeddable":true,"href":"https:\/\/www.bascules.social\/index.php?rest_route=%2Fwp%2Fv2%2Ftags&post=1122"}],"curies":[{"name":"wp","href":"https:\/\/api.w.org\/{rel}","templated":true}]}}